{"id":992,"date":"2020-01-10T16:26:00","date_gmt":"2020-01-10T15:26:00","guid":{"rendered":"https:\/\/leukefeld.net\/?p=992"},"modified":"2020-01-13T09:35:48","modified_gmt":"2020-01-13T08:35:48","slug":"was-die-syrer-vom-usa-iran-konflikt-halten-video","status":"publish","type":"post","link":"https:\/\/leukefeld.net\/?p=992","title":{"rendered":"Was die Syrer vom USA-Iran-Konflikt halten (Video)"},"content":{"rendered":"\n<div class=\"article__summary \">Von einer milit\u00e4rischen Eskalation zwischen den USA und dem Iran w\u00e4re Syrien zwangsl\u00e4ufig direkt betroffen. Was denken die Menschen in Syrien \u00fcber die Ermordung des iranischen Generals Qassem Soleimani und Teherans anschlie\u00dfenden Vergeltungsschlag? Darum und um andere Aspekte des Konflikts geht es in einem Skype-Interview aus Damaskus.<\/div>\n<div>\u00a0<\/div>\n<div><strong><span style=\"color: #000000;\">Korrektur<\/span><\/strong>: Abu Mahdi al-Muhandis war F\u00fchrer der Kata&#8217;ib Hisbollah im Irak und stellvertretender Kommandeur der Volksmobilisierungseinheiten, Hashd al-Shaabi.<\/div>\n<div>\u00a0<\/div>\n<div class=\"article__summary \">RT Deutsch bittet, die an einigen Stellen schlechte Tonqualit\u00e4t zu entschuldigen:\u00a0<a href=\"https:\/\/de.rt.com\/22kc\">https:\/\/de.rt.com\/22kc<\/a><\/div>\n<div>\u00a0<\/div>\n","protected":false},"excerpt":{"rendered":"<p>Von einer milit\u00e4rischen Eskalation zwischen den USA und dem Iran w\u00e4re Syrien zwangsl\u00e4ufig direkt betroffen. Was denken die Menschen in Syrien \u00fcber die Ermordung des iranischen Generals Qassem Soleimani und Teherans anschlie\u00dfenden Vergeltungsschlag? Darum und um andere Aspekte des Konflikts &hellip; <a href=\"https:\/\/leukefeld.net\/?p=992\">Weiterlesen <span class=\"meta-nav\">&rarr;<\/span><\/a><\/p>\n","protected":false},"author":2,"featured_media":0,"comment_status":"closed","ping_status":"closed","sticky":false,"template":"","format":"standard","meta":{"footnotes":""},"categories":[5,6],"tags":[],"class_list":["post-992","post","type-post","status-publish","format-standard","hentry","category-radio-features-deutsch","category-reportagen-interviews-deutsch"],"_links":{"self":[{"href":"https:\/\/leukefeld.net\/index.php?rest_route=\/wp\/v2\/posts\/992","targetHints":{"allow":["GET"]}}],"collection":[{"href":"https:\/\/leukefeld.net\/index.php?rest_route=\/wp\/v2\/posts"}],"about":[{"href":"https:\/\/leukefeld.net\/index.php?rest_route=\/wp\/v2\/types\/post"}],"author":[{"embeddable":true,"href":"https:\/\/leukefeld.net\/index.php?rest_route=\/wp\/v2\/users\/2"}],"replies":[{"embeddable":true,"href":"https:\/\/leukefeld.net\/index.php?rest_route=%2Fwp%2Fv2%2Fcomments&post=992"}],"version-history":[{"count":3,"href":"https:\/\/leukefeld.net\/index.php?rest_route=\/wp\/v2\/posts\/992\/revisions"}],"predecessor-version":[{"id":997,"href":"https:\/\/leukefeld.net\/index.php?rest_route=\/wp\/v2\/posts\/992\/revisions\/997"}],"wp:attachment":[{"href":"https:\/\/leukefeld.net\/index.php?rest_route=%2Fwp%2Fv2%2Fmedia&parent=992"}],"wp:term":[{"taxonomy":"category","embeddable":true,"href":"https:\/\/leukefeld.net\/index.php?rest_route=%2Fwp%2Fv2%2Fcategories&post=992"},{"taxonomy":"post_tag","embeddable":true,"href":"https:\/\/leukefeld.net\/index.php?rest_route=%2Fwp%2Fv2%2Ftags&post=992"}],"curies":[{"name":"wp","href":"https:\/\/api.w.org\/{rel}","templated":true}]}}