{"id":943,"date":"2019-11-15T10:58:22","date_gmt":"2019-11-15T09:58:22","guid":{"rendered":"https:\/\/leukefeld.net\/?p=943"},"modified":"2019-11-15T10:59:49","modified_gmt":"2019-11-15T09:59:49","slug":"libanon-quo-vadis","status":"publish","type":"post","link":"https:\/\/leukefeld.net\/?p=943","title":{"rendered":"Libanon &#8211; Quo Vadis?"},"content":{"rendered":"\n<p>Seit einem Monat halten Proteste im Libanon an, Stra\u00dfenblockaden legen den Alltag lahm. Die Demonstranten wollen nach der Regierung auch den Pr\u00e4sidenten sowie das Parlament zur Aufgabe zwingen. Gespr\u00e4chsangebote werden abgelehnt, eine politische F\u00fchrung fehlt. Was wollen die Leute? Worum geht es? Der Artikel in der Zeitung Letzebuerger Vollek (Luxemburg) ist hier nachzulesen: <a href=\"https:\/\/leukefeld.net\/wp-content\/uploads\/2019\/11\/191115-Libanon-Quo-Vadis.pdf\">191115 Libanon &#8211; Quo Vadis<\/a><\/p>\n","protected":false},"excerpt":{"rendered":"<p>Seit einem Monat halten Proteste im Libanon an, Stra\u00dfenblockaden legen den Alltag lahm. Die Demonstranten wollen nach der Regierung auch den Pr\u00e4sidenten sowie das Parlament zur Aufgabe zwingen. Gespr\u00e4chsangebote werden abgelehnt, eine politische F\u00fchrung fehlt. Was wollen die Leute? Worum &hellip; <a href=\"https:\/\/leukefeld.net\/?p=943\">Weiterlesen <span class=\"meta-nav\">&rarr;<\/span><\/a><\/p>\n","protected":false},"author":2,"featured_media":0,"comment_status":"closed","ping_status":"closed","sticky":false,"template":"","format":"standard","meta":{"footnotes":""},"categories":[6],"tags":[],"class_list":["post-943","post","type-post","status-publish","format-standard","hentry","category-reportagen-interviews-deutsch"],"_links":{"self":[{"href":"https:\/\/leukefeld.net\/index.php?rest_route=\/wp\/v2\/posts\/943","targetHints":{"allow":["GET"]}}],"collection":[{"href":"https:\/\/leukefeld.net\/index.php?rest_route=\/wp\/v2\/posts"}],"about":[{"href":"https:\/\/leukefeld.net\/index.php?rest_route=\/wp\/v2\/types\/post"}],"author":[{"embeddable":true,"href":"https:\/\/leukefeld.net\/index.php?rest_route=\/wp\/v2\/users\/2"}],"replies":[{"embeddable":true,"href":"https:\/\/leukefeld.net\/index.php?rest_route=%2Fwp%2Fv2%2Fcomments&post=943"}],"version-history":[{"count":2,"href":"https:\/\/leukefeld.net\/index.php?rest_route=\/wp\/v2\/posts\/943\/revisions"}],"predecessor-version":[{"id":946,"href":"https:\/\/leukefeld.net\/index.php?rest_route=\/wp\/v2\/posts\/943\/revisions\/946"}],"wp:attachment":[{"href":"https:\/\/leukefeld.net\/index.php?rest_route=%2Fwp%2Fv2%2Fmedia&parent=943"}],"wp:term":[{"taxonomy":"category","embeddable":true,"href":"https:\/\/leukefeld.net\/index.php?rest_route=%2Fwp%2Fv2%2Fcategories&post=943"},{"taxonomy":"post_tag","embeddable":true,"href":"https:\/\/leukefeld.net\/index.php?rest_route=%2Fwp%2Fv2%2Ftags&post=943"}],"curies":[{"name":"wp","href":"https:\/\/api.w.org\/{rel}","templated":true}]}}