{"id":892,"date":"2019-09-17T14:09:48","date_gmt":"2019-09-17T13:09:48","guid":{"rendered":"https:\/\/leukefeld.net\/?p=892"},"modified":"2019-09-19T14:15:33","modified_gmt":"2019-09-19T13:15:33","slug":"homs-im-september-2019-fluechtlinge-und-inlandsvertriebene-kehren-zurueck","status":"publish","type":"post","link":"https:\/\/leukefeld.net\/?p=892","title":{"rendered":"Homs im September 2019 &#8211; Fl\u00fcchtlinge und Inlandsvertriebene kehren zur\u00fcck"},"content":{"rendered":"\n<figure class=\"wp-block-image\"><img loading=\"lazy\" decoding=\"async\" width=\"600\" height=\"450\" src=\"https:\/\/leukefeld.net\/wp-content\/uploads\/2019\/09\/190910-Foto-privat-Homs-mit-Familie-Mashrour-Sleiman-Notunterkunft-600x450.jpg\" alt=\"\" class=\"wp-image-894\" srcset=\"https:\/\/leukefeld.net\/wp-content\/uploads\/2019\/09\/190910-Foto-privat-Homs-mit-Familie-Mashrour-Sleiman-Notunterkunft-600x450.jpg 600w, https:\/\/leukefeld.net\/wp-content\/uploads\/2019\/09\/190910-Foto-privat-Homs-mit-Familie-Mashrour-Sleiman-Notunterkunft-200x150.jpg 200w, https:\/\/leukefeld.net\/wp-content\/uploads\/2019\/09\/190910-Foto-privat-Homs-mit-Familie-Mashrour-Sleiman-Notunterkunft-768x576.jpg 768w, https:\/\/leukefeld.net\/wp-content\/uploads\/2019\/09\/190910-Foto-privat-Homs-mit-Familie-Mashrour-Sleiman-Notunterkunft-400x300.jpg 400w\" sizes=\"auto, (max-width: 600px) 100vw, 600px\" \/><figcaption>Eine Familie, die aus dem Lager Rukban zur\u00fcckgekehrt ist, in einem Auffanglager in Homs.<\/figcaption><\/figure>\n\n\n\n<div class=\"article__summary \">Ein Interview mit RT Deutsch \u00fcber Recherchen in Syrien. Es geht um ein Gespr\u00e4ch mit Talal Barazi, dem Gouverneur von Homs. Er spricht \u00fcber die R\u00fcckkehrbewegung in die gr\u00f6\u00dfte Provinz Syriens. Und es geht um Gespr\u00e4che mit R\u00fcckkehrern aus dem Fl\u00fcchtlingslager Rukban im Dreil\u00e4ndereck Syrien-Irak-Jordanien unweit des syrisch-irakischen Grenz\u00fcbergangs Al Tanf\/Al Walid, wo derzeit noch rund 10.000 Menschen leben. Die Familien gew\u00e4hrten Einblicke, wie sie die letzten vier Jahre in dem Lager \u00fcberlebt haben. Zudem berichteten sie von bewaffneten M\u00e4nnern, die in dem Fl\u00fcchtlingslager K\u00e4mpfer f\u00fcr Oppositions-Truppen gewinnen wollten.<\/div>\n<div>\u00a0<\/div>\n<div>Link zum Interview: <a href=\"https:\/\/de.rt.com\/1zal\">https:\/\/de.rt.com\/1zal<\/a><\/div>\n","protected":false},"excerpt":{"rendered":"<p>Ein Interview mit RT Deutsch \u00fcber Recherchen in Syrien. Es geht um ein Gespr\u00e4ch mit Talal Barazi, dem Gouverneur von Homs. Er spricht \u00fcber die R\u00fcckkehrbewegung in die gr\u00f6\u00dfte Provinz Syriens. Und es geht um Gespr\u00e4che mit R\u00fcckkehrern aus dem &hellip; <a href=\"https:\/\/leukefeld.net\/?p=892\">Weiterlesen <span class=\"meta-nav\">&rarr;<\/span><\/a><\/p>\n","protected":false},"author":2,"featured_media":0,"comment_status":"closed","ping_status":"closed","sticky":false,"template":"","format":"standard","meta":{"footnotes":""},"categories":[5,6],"tags":[],"class_list":["post-892","post","type-post","status-publish","format-standard","hentry","category-radio-features-deutsch","category-reportagen-interviews-deutsch"],"_links":{"self":[{"href":"https:\/\/leukefeld.net\/index.php?rest_route=\/wp\/v2\/posts\/892","targetHints":{"allow":["GET"]}}],"collection":[{"href":"https:\/\/leukefeld.net\/index.php?rest_route=\/wp\/v2\/posts"}],"about":[{"href":"https:\/\/leukefeld.net\/index.php?rest_route=\/wp\/v2\/types\/post"}],"author":[{"embeddable":true,"href":"https:\/\/leukefeld.net\/index.php?rest_route=\/wp\/v2\/users\/2"}],"replies":[{"embeddable":true,"href":"https:\/\/leukefeld.net\/index.php?rest_route=%2Fwp%2Fv2%2Fcomments&post=892"}],"version-history":[{"count":4,"href":"https:\/\/leukefeld.net\/index.php?rest_route=\/wp\/v2\/posts\/892\/revisions"}],"predecessor-version":[{"id":897,"href":"https:\/\/leukefeld.net\/index.php?rest_route=\/wp\/v2\/posts\/892\/revisions\/897"}],"wp:attachment":[{"href":"https:\/\/leukefeld.net\/index.php?rest_route=%2Fwp%2Fv2%2Fmedia&parent=892"}],"wp:term":[{"taxonomy":"category","embeddable":true,"href":"https:\/\/leukefeld.net\/index.php?rest_route=%2Fwp%2Fv2%2Fcategories&post=892"},{"taxonomy":"post_tag","embeddable":true,"href":"https:\/\/leukefeld.net\/index.php?rest_route=%2Fwp%2Fv2%2Ftags&post=892"}],"curies":[{"name":"wp","href":"https:\/\/api.w.org\/{rel}","templated":true}]}}