{"id":868,"date":"2019-08-02T21:31:03","date_gmt":"2019-08-02T20:31:03","guid":{"rendered":"https:\/\/leukefeld.net\/?p=868"},"modified":"2019-08-03T21:38:17","modified_gmt":"2019-08-03T20:38:17","slug":"syrien-idlib-und-der-tankerkrieg-im-mittelmeer","status":"publish","type":"post","link":"https:\/\/leukefeld.net\/?p=868","title":{"rendered":"Syrien: Idlib und der Tankerkrieg im Mittelmeer"},"content":{"rendered":"\n<p>Worum geht es bei der Schlacht um Idlib?\u00a0 Wer sind die K\u00e4mpfer? Welche Abkommen gibt es zwischen den k\u00e4mpfenden Parteien? Welche Angebote gibt es f\u00fcr die Zivilbev\u00f6lkerung in Idlib? Woher bekommen die Kampfgruppen Unterst\u00fctzung? Gibt es eine L\u00f6sung? In dem ausf\u00fchrlichen Gespr\u00e4ch mit Weltnetz TV werden auch die in Medien vom 22.07.2019 erw\u00e4hnten umfangreichen personellen Ver\u00e4nderungen im Sicherheitsapparat Syriens kommentiert. Und schlie\u00dflich geht es um die Hintergr\u00fcnde des von britischen Fallschirmspringern in der Stra\u00dfe von Gibraltar gekaperten und noch immer an der Weiterfahrt gehinderten iranischen \u00d6ltankers \u00b4Grace 1`.\u00a0<\/p>\n<p>Weiter:<a href=\"https:\/\/weltnetz.tv\/video\/2025-syrien-und-der-tankerkrieg-im-mittelmeer\">https:\/\/weltnetz.tv\/video\/2025-syrien-und-der-tankerkrieg-im-mittelmeer<\/a><\/p>\n","protected":false},"excerpt":{"rendered":"<p>Worum geht es bei der Schlacht um Idlib?\u00a0 Wer sind die K\u00e4mpfer? Welche Abkommen gibt es zwischen den k\u00e4mpfenden Parteien? Welche Angebote gibt es f\u00fcr die Zivilbev\u00f6lkerung in Idlib? Woher bekommen die Kampfgruppen Unterst\u00fctzung? Gibt es eine L\u00f6sung? In dem &hellip; <a href=\"https:\/\/leukefeld.net\/?p=868\">Weiterlesen <span class=\"meta-nav\">&rarr;<\/span><\/a><\/p>\n","protected":false},"author":2,"featured_media":0,"comment_status":"closed","ping_status":"closed","sticky":false,"template":"","format":"standard","meta":{"footnotes":""},"categories":[5,6],"tags":[],"class_list":["post-868","post","type-post","status-publish","format-standard","hentry","category-radio-features-deutsch","category-reportagen-interviews-deutsch"],"_links":{"self":[{"href":"https:\/\/leukefeld.net\/index.php?rest_route=\/wp\/v2\/posts\/868","targetHints":{"allow":["GET"]}}],"collection":[{"href":"https:\/\/leukefeld.net\/index.php?rest_route=\/wp\/v2\/posts"}],"about":[{"href":"https:\/\/leukefeld.net\/index.php?rest_route=\/wp\/v2\/types\/post"}],"author":[{"embeddable":true,"href":"https:\/\/leukefeld.net\/index.php?rest_route=\/wp\/v2\/users\/2"}],"replies":[{"embeddable":true,"href":"https:\/\/leukefeld.net\/index.php?rest_route=%2Fwp%2Fv2%2Fcomments&post=868"}],"version-history":[{"count":2,"href":"https:\/\/leukefeld.net\/index.php?rest_route=\/wp\/v2\/posts\/868\/revisions"}],"predecessor-version":[{"id":870,"href":"https:\/\/leukefeld.net\/index.php?rest_route=\/wp\/v2\/posts\/868\/revisions\/870"}],"wp:attachment":[{"href":"https:\/\/leukefeld.net\/index.php?rest_route=%2Fwp%2Fv2%2Fmedia&parent=868"}],"wp:term":[{"taxonomy":"category","embeddable":true,"href":"https:\/\/leukefeld.net\/index.php?rest_route=%2Fwp%2Fv2%2Fcategories&post=868"},{"taxonomy":"post_tag","embeddable":true,"href":"https:\/\/leukefeld.net\/index.php?rest_route=%2Fwp%2Fv2%2Ftags&post=868"}],"curies":[{"name":"wp","href":"https:\/\/api.w.org\/{rel}","templated":true}]}}