{"id":2394,"date":"2026-01-25T11:49:17","date_gmt":"2026-01-25T10:49:17","guid":{"rendered":"https:\/\/leukefeld.net\/?p=2394"},"modified":"2026-01-29T11:49:40","modified_gmt":"2026-01-29T10:49:40","slug":"in-syrien-hatten-die-christen-bessere-zeiten","status":"publish","type":"post","link":"https:\/\/leukefeld.net\/?p=2394","title":{"rendered":"In Syrien hatten die Christen bessere Zeiten"},"content":{"rendered":"<p>Zum Jahreswechsel ver\u00f6ffentlichte Globalbridge.ch einen Artikel von Helmut Scheben \u00fcber das \u201e<a href=\"https:\/\/globalbridge.ch\/ein-tagesschau-weihnachtsmaerchen-in-syrien\/\">Weihnachtsm\u00e4rchen in Syrien\u201c.<\/a>\u00a0Am Beispiel der Schweizer Tagesschau legte der Autor die suggestiv verbreitete Darstellung offen, Christen in Syrien seien unter den fr\u00fcheren Regierungen von Hafez und Bashar al Assad verfolgt worden.\u00a0Diese heute von vielen Medien verbreiteten Darstellungen sind falsch. Tats\u00e4chlich wurden bis zum Kriegsbeginn 2011 christliche Kl\u00f6ster und Kirchen landesweit in Syrien von Gl\u00e4ubigen aus aller Welt besucht. Syrien wurde die \u201eWiege des Christentums\u201c genannt.<\/p>\n<p>Eine Fotodokumentation:\u00a0<a href=\"https:\/\/globalbridge.ch\/in-syrien-hatten-die-christen-bessere-zeiten\/\">https:\/\/globalbridge.ch\/in-syrien-hatten-die-christen-bessere-zeiten\/<\/a><\/p>\n","protected":false},"excerpt":{"rendered":"<p>Zum Jahreswechsel ver\u00f6ffentlichte Globalbridge.ch einen Artikel von Helmut Scheben \u00fcber das \u201eWeihnachtsm\u00e4rchen in Syrien\u201c.\u00a0Am Beispiel der Schweizer Tagesschau legte der Autor die suggestiv verbreitete Darstellung offen, Christen in Syrien seien unter den fr\u00fcheren Regierungen von Hafez und Bashar al Assad &hellip; <a href=\"https:\/\/leukefeld.net\/?p=2394\">Weiterlesen <span class=\"meta-nav\">&rarr;<\/span><\/a><\/p>\n","protected":false},"author":2,"featured_media":0,"comment_status":"closed","ping_status":"closed","sticky":false,"template":"","format":"standard","meta":{"footnotes":""},"categories":[6],"tags":[],"class_list":["post-2394","post","type-post","status-publish","format-standard","hentry","category-reportagen-interviews-deutsch"],"_links":{"self":[{"href":"https:\/\/leukefeld.net\/index.php?rest_route=\/wp\/v2\/posts\/2394","targetHints":{"allow":["GET"]}}],"collection":[{"href":"https:\/\/leukefeld.net\/index.php?rest_route=\/wp\/v2\/posts"}],"about":[{"href":"https:\/\/leukefeld.net\/index.php?rest_route=\/wp\/v2\/types\/post"}],"author":[{"embeddable":true,"href":"https:\/\/leukefeld.net\/index.php?rest_route=\/wp\/v2\/users\/2"}],"replies":[{"embeddable":true,"href":"https:\/\/leukefeld.net\/index.php?rest_route=%2Fwp%2Fv2%2Fcomments&post=2394"}],"version-history":[{"count":1,"href":"https:\/\/leukefeld.net\/index.php?rest_route=\/wp\/v2\/posts\/2394\/revisions"}],"predecessor-version":[{"id":2395,"href":"https:\/\/leukefeld.net\/index.php?rest_route=\/wp\/v2\/posts\/2394\/revisions\/2395"}],"wp:attachment":[{"href":"https:\/\/leukefeld.net\/index.php?rest_route=%2Fwp%2Fv2%2Fmedia&parent=2394"}],"wp:term":[{"taxonomy":"category","embeddable":true,"href":"https:\/\/leukefeld.net\/index.php?rest_route=%2Fwp%2Fv2%2Fcategories&post=2394"},{"taxonomy":"post_tag","embeddable":true,"href":"https:\/\/leukefeld.net\/index.php?rest_route=%2Fwp%2Fv2%2Ftags&post=2394"}],"curies":[{"name":"wp","href":"https:\/\/api.w.org\/{rel}","templated":true}]}}