{"id":2358,"date":"2025-11-18T21:30:48","date_gmt":"2025-11-18T20:30:48","guid":{"rendered":"https:\/\/leukefeld.net\/?p=2358"},"modified":"2025-11-18T21:30:48","modified_gmt":"2025-11-18T20:30:48","slug":"eine-ehrenmedaille-im-un-sicherheitsrat-und-ein-handschlag-im-weissen-haus","status":"publish","type":"post","link":"https:\/\/leukefeld.net\/?p=2358","title":{"rendered":"Eine Ehrenmedaille im UN-Sicherheitsrat und ein Handschlag im Wei\u00dfen Haus"},"content":{"rendered":"<p>Am 6. November 2025 hat der UN-Sicherheitsrat den syrischen \u00dcbergangspr\u00e4sidenten\u201c Ahmed al Sharaa und den \u201e\u00dcbergangsinnenminister\u201c Anas Hasan Khattab sowie Hay\u2019at Tahrir al Sham von der UN-Sanktionsliste gegen den Islamischen Staat im Irak und in der Levante, ISIL und Al-Qaida gestrichen. Beide Personen seien nach einem \u201eVolksaufstand in Syrien im Dezember 2024\u201c in diese \u00c4mter gelangt und bem\u00fchten sich, \u201ealle Hindernisse f\u00fcr die wirtschaftliche Erholung Syriens zu beseitigen\u201c, wird in der UNSR-Resolution 2799 (2025) festgestellt. 14 der 15 Mitgliedsstaaten des Obersten UN-Gremiums stimmten f\u00fcr die Resolution, China enthielt sich. Die beiden langj\u00e4hrigen Dschihadisten und Gr\u00fcnder der syrischen <em>Al Qaida Formation Al Nusra Front\u00a0<\/em>wurden von der Sanktionsliste f\u00fcr Einzelpersonen, Gruppen, Unternehmen und Organisationen in Syrien gestrichen, mit anderen Worten wurden sie von allem m\u00f6glichen oder tats\u00e4chlichen Fehlverhalten und Verantwortung f\u00fcr Anschl\u00e4ge und Morde der genannten Organisationen in Syrien freigesprochen.<\/p>\n<p>Weiterlesen:\u00a0<a href=\"https:\/\/globalbridge.ch\/einfach-unglaublich-eine-ehrenmedaille-im-un-sicherheitsrat-und-ein-handschlag-im-weissen-haus\/\">https:\/\/globalbridge.ch\/einfach-unglaublich-eine-ehrenmedaille-im-un-sicherheitsrat-und-ein-handschlag-im-weissen-haus\/<\/a><\/p>\n","protected":false},"excerpt":{"rendered":"<p>Am 6. November 2025 hat der UN-Sicherheitsrat den syrischen \u00dcbergangspr\u00e4sidenten\u201c Ahmed al Sharaa und den \u201e\u00dcbergangsinnenminister\u201c Anas Hasan Khattab sowie Hay\u2019at Tahrir al Sham von der UN-Sanktionsliste gegen den Islamischen Staat im Irak und in der Levante, ISIL und Al-Qaida &hellip; <a href=\"https:\/\/leukefeld.net\/?p=2358\">Weiterlesen <span class=\"meta-nav\">&rarr;<\/span><\/a><\/p>\n","protected":false},"author":2,"featured_media":0,"comment_status":"closed","ping_status":"closed","sticky":false,"template":"","format":"standard","meta":{"footnotes":""},"categories":[6],"tags":[],"class_list":["post-2358","post","type-post","status-publish","format-standard","hentry","category-reportagen-interviews-deutsch"],"_links":{"self":[{"href":"https:\/\/leukefeld.net\/index.php?rest_route=\/wp\/v2\/posts\/2358","targetHints":{"allow":["GET"]}}],"collection":[{"href":"https:\/\/leukefeld.net\/index.php?rest_route=\/wp\/v2\/posts"}],"about":[{"href":"https:\/\/leukefeld.net\/index.php?rest_route=\/wp\/v2\/types\/post"}],"author":[{"embeddable":true,"href":"https:\/\/leukefeld.net\/index.php?rest_route=\/wp\/v2\/users\/2"}],"replies":[{"embeddable":true,"href":"https:\/\/leukefeld.net\/index.php?rest_route=%2Fwp%2Fv2%2Fcomments&post=2358"}],"version-history":[{"count":1,"href":"https:\/\/leukefeld.net\/index.php?rest_route=\/wp\/v2\/posts\/2358\/revisions"}],"predecessor-version":[{"id":2359,"href":"https:\/\/leukefeld.net\/index.php?rest_route=\/wp\/v2\/posts\/2358\/revisions\/2359"}],"wp:attachment":[{"href":"https:\/\/leukefeld.net\/index.php?rest_route=%2Fwp%2Fv2%2Fmedia&parent=2358"}],"wp:term":[{"taxonomy":"category","embeddable":true,"href":"https:\/\/leukefeld.net\/index.php?rest_route=%2Fwp%2Fv2%2Fcategories&post=2358"},{"taxonomy":"post_tag","embeddable":true,"href":"https:\/\/leukefeld.net\/index.php?rest_route=%2Fwp%2Fv2%2Ftags&post=2358"}],"curies":[{"name":"wp","href":"https:\/\/api.w.org\/{rel}","templated":true}]}}