{"id":228,"date":"2012-04-12T07:30:54","date_gmt":"2012-04-12T06:30:54","guid":{"rendered":"http:\/\/leukefeld.net\/?p=228"},"modified":"2014-09-09T07:31:48","modified_gmt":"2014-09-09T06:31:48","slug":"weil-das-land-in-gefahr-ist","status":"publish","type":"post","link":"https:\/\/leukefeld.net\/?p=228","title":{"rendered":"\u00abWeil das Land in Gefahr ist\u00bb"},"content":{"rendered":"<p>Es ist ein ruhiger Freitag nachmittag irgendwo in Damaskus. Einige Freunde treffen sich, um \u00fcber die Lage in Syrien zu diskutieren. Nach und nach f\u00fcllt sich das kleine Zimmer, bald sind St\u00fchle, Sofa und Bett besetzt. Das Rauchen wird bis auf weiteres eingestellt, Kaffeetassen stehen auf dem niedrigen Tisch in der Mitte &#8230;.<\/p>\n<p>Das Gespr\u00e4ch \u00fcber die Ursachen des Konflikts in Syrien, die Interessen ausl\u00e4ndischer M\u00e4chte und die Schwierigkeit, eine politische L\u00f6sung zu finden erschien in der Berliner Tageszeitung junge welt am 12. April 2012 und kann <a href=\"http:\/\/leukefeld.net\/wp-content\/uploads\/2014\/09\/jw-2012-04-12-23.pdf\" target=\"_blank\">hier<\/a> als pdf-Datei heruntergeladen werden.<\/p>\n","protected":false},"excerpt":{"rendered":"<p>Es ist ein ruhiger Freitag nachmittag irgendwo in Damaskus. Einige Freunde treffen sich, um \u00fcber die Lage in Syrien zu diskutieren. Nach und nach f\u00fcllt sich das kleine Zimmer, bald sind St\u00fchle, Sofa und Bett besetzt. Das Rauchen wird bis &hellip; <a href=\"https:\/\/leukefeld.net\/?p=228\">Weiterlesen <span class=\"meta-nav\">&rarr;<\/span><\/a><\/p>\n","protected":false},"author":1,"featured_media":0,"comment_status":"closed","ping_status":"closed","sticky":false,"template":"","format":"standard","meta":{"footnotes":""},"categories":[6],"tags":[],"class_list":["post-228","post","type-post","status-publish","format-standard","hentry","category-reportagen-interviews-deutsch"],"_links":{"self":[{"href":"https:\/\/leukefeld.net\/index.php?rest_route=\/wp\/v2\/posts\/228","targetHints":{"allow":["GET"]}}],"collection":[{"href":"https:\/\/leukefeld.net\/index.php?rest_route=\/wp\/v2\/posts"}],"about":[{"href":"https:\/\/leukefeld.net\/index.php?rest_route=\/wp\/v2\/types\/post"}],"author":[{"embeddable":true,"href":"https:\/\/leukefeld.net\/index.php?rest_route=\/wp\/v2\/users\/1"}],"replies":[{"embeddable":true,"href":"https:\/\/leukefeld.net\/index.php?rest_route=%2Fwp%2Fv2%2Fcomments&post=228"}],"version-history":[{"count":1,"href":"https:\/\/leukefeld.net\/index.php?rest_route=\/wp\/v2\/posts\/228\/revisions"}],"predecessor-version":[{"id":229,"href":"https:\/\/leukefeld.net\/index.php?rest_route=\/wp\/v2\/posts\/228\/revisions\/229"}],"wp:attachment":[{"href":"https:\/\/leukefeld.net\/index.php?rest_route=%2Fwp%2Fv2%2Fmedia&parent=228"}],"wp:term":[{"taxonomy":"category","embeddable":true,"href":"https:\/\/leukefeld.net\/index.php?rest_route=%2Fwp%2Fv2%2Fcategories&post=228"},{"taxonomy":"post_tag","embeddable":true,"href":"https:\/\/leukefeld.net\/index.php?rest_route=%2Fwp%2Fv2%2Ftags&post=228"}],"curies":[{"name":"wp","href":"https:\/\/api.w.org\/{rel}","templated":true}]}}