{"id":224,"date":"2012-06-19T07:23:21","date_gmt":"2012-06-19T06:23:21","guid":{"rendered":"http:\/\/leukefeld.net\/?p=224"},"modified":"2014-09-09T07:29:04","modified_gmt":"2014-09-09T06:29:04","slug":"politische-opposition-ist-an-den-rand-gedraengt","status":"publish","type":"post","link":"https:\/\/leukefeld.net\/?p=224","title":{"rendered":"\u00abPolitische Opposition ist an den Rand gedr\u00e4ngt\u00bb"},"content":{"rendered":"<p>Trotz des Waffenstillstandes, der durch die Vereinten Nationen im April vermittelt worden war, hat sich die Lage in Syrien milit\u00e4risch zugespitzt.<br \/>\nAngesichts der eskalierenden Gewalt setzten am vergangenen Wochenende die UNO-Beobachter ihre Mission aus. Steht Syrien nun unmittelbar vor einer milit\u00e4rischen Intervention des Auslands?<\/p>\n<p>Im Gespr\u00e4ch mit weltnetz.tv spricht Karin Leukefeld \u00fcber Syriens politische Opposition und die Fortf\u00fchrung eines \u00abKrieges niedriger Intensit\u00e4t\u00bb: <a href=\"http:\/\/weltnetz.tv\/video\/345\" target=\"_blank\">http:\/\/weltnetz.tv\/video\/345<\/a><\/p>\n","protected":false},"excerpt":{"rendered":"<p>Trotz des Waffenstillstandes, der durch die Vereinten Nationen im April vermittelt worden war, hat sich die Lage in Syrien milit\u00e4risch zugespitzt. Angesichts der eskalierenden Gewalt setzten am vergangenen Wochenende die UNO-Beobachter ihre Mission aus. Steht Syrien nun unmittelbar vor einer &hellip; <a href=\"https:\/\/leukefeld.net\/?p=224\">Weiterlesen <span class=\"meta-nav\">&rarr;<\/span><\/a><\/p>\n","protected":false},"author":1,"featured_media":0,"comment_status":"closed","ping_status":"closed","sticky":false,"template":"","format":"standard","meta":{"footnotes":""},"categories":[6],"tags":[],"class_list":["post-224","post","type-post","status-publish","format-standard","hentry","category-reportagen-interviews-deutsch"],"_links":{"self":[{"href":"https:\/\/leukefeld.net\/index.php?rest_route=\/wp\/v2\/posts\/224","targetHints":{"allow":["GET"]}}],"collection":[{"href":"https:\/\/leukefeld.net\/index.php?rest_route=\/wp\/v2\/posts"}],"about":[{"href":"https:\/\/leukefeld.net\/index.php?rest_route=\/wp\/v2\/types\/post"}],"author":[{"embeddable":true,"href":"https:\/\/leukefeld.net\/index.php?rest_route=\/wp\/v2\/users\/1"}],"replies":[{"embeddable":true,"href":"https:\/\/leukefeld.net\/index.php?rest_route=%2Fwp%2Fv2%2Fcomments&post=224"}],"version-history":[{"count":1,"href":"https:\/\/leukefeld.net\/index.php?rest_route=\/wp\/v2\/posts\/224\/revisions"}],"predecessor-version":[{"id":225,"href":"https:\/\/leukefeld.net\/index.php?rest_route=\/wp\/v2\/posts\/224\/revisions\/225"}],"wp:attachment":[{"href":"https:\/\/leukefeld.net\/index.php?rest_route=%2Fwp%2Fv2%2Fmedia&parent=224"}],"wp:term":[{"taxonomy":"category","embeddable":true,"href":"https:\/\/leukefeld.net\/index.php?rest_route=%2Fwp%2Fv2%2Fcategories&post=224"},{"taxonomy":"post_tag","embeddable":true,"href":"https:\/\/leukefeld.net\/index.php?rest_route=%2Fwp%2Fv2%2Ftags&post=224"}],"curies":[{"name":"wp","href":"https:\/\/api.w.org\/{rel}","templated":true}]}}