{"id":2217,"date":"2024-08-28T21:16:42","date_gmt":"2024-08-28T20:16:42","guid":{"rendered":"https:\/\/leukefeld.net\/?p=2217"},"modified":"2024-09-05T21:17:31","modified_gmt":"2024-09-05T20:17:31","slug":"im-gespraech-die-lage-im-nahen-und-mittleren-osten","status":"publish","type":"post","link":"https:\/\/leukefeld.net\/?p=2217","title":{"rendered":"Im Gespr\u00e4ch: Die Lage im Nahen und Mittleren Osten"},"content":{"rendered":"<p>Die Situation im Nahen Osten hat sich in den vergangenen Wochen enorm zugespitzt. Nach den beiden Anschl\u00e4gen Israels auf hochrangige Vertreter der Hamas und des Iran ist die Gefahr eines Fl\u00e4chenbrandes gr\u00f6\u00dfer denn je. Auch der Krieg in Pal\u00e4stina scheint nach den gescheiterten Friedensverhandlungen in Kairo nicht am Verhandlungstisch l\u00f6sbar zu sein. Die Angriffe Israels gehen unvermindert weiter, ein Ende ist weiterhin nicht in Sicht. Wie gef\u00e4hrlich ist die gegenw\u00e4rtige Lage und welche M\u00f6glichkeiten einer friedlichen L\u00f6sung stehen zur Verf\u00fcgung?<\/p>\n<p>Dar\u00fcber sprach Flavio von Witzleben mit der Nahost-Korrespondentin Karin Leukefeld, die seit \u00fcber zwanzig Jahren aus der umk\u00e4mpften Region berichtet und erst k\u00fcrzlich im S\u00fcdlibanon war, um sich ein eigenes Bild der Lage zu machen. Im Gespr\u00e4ch berichtet sie von ihren Erfahrungen an der \u201eBlauen Linie\u201c, die einst von der UN als Demarkationslinie gezogen wurde. Des Weiteren geht sie auf die Situation der Pal\u00e4stinenser ein, wobei sie die humanit\u00e4re Lage, die lebensgef\u00e4hrliche Arbeit von Journalisten und den \u00dcberlebenskampf der Menschen skizziert.<\/p>\n<p>Zum Gespr\u00e4ch:\u00a0<a href=\"https:\/\/apolut.net\/im-gespraech-karin-leukefeld\/\">https:\/\/apolut.net\/im-gespraech-karin-leukefeld\/<\/a><\/p>\n","protected":false},"excerpt":{"rendered":"<p>Die Situation im Nahen Osten hat sich in den vergangenen Wochen enorm zugespitzt. Nach den beiden Anschl\u00e4gen Israels auf hochrangige Vertreter der Hamas und des Iran ist die Gefahr eines Fl\u00e4chenbrandes gr\u00f6\u00dfer denn je. Auch der Krieg in Pal\u00e4stina scheint &hellip; <a href=\"https:\/\/leukefeld.net\/?p=2217\">Weiterlesen <span class=\"meta-nav\">&rarr;<\/span><\/a><\/p>\n","protected":false},"author":2,"featured_media":0,"comment_status":"closed","ping_status":"closed","sticky":false,"template":"","format":"standard","meta":{"footnotes":""},"categories":[5,6],"tags":[],"class_list":["post-2217","post","type-post","status-publish","format-standard","hentry","category-radio-features-deutsch","category-reportagen-interviews-deutsch"],"_links":{"self":[{"href":"https:\/\/leukefeld.net\/index.php?rest_route=\/wp\/v2\/posts\/2217","targetHints":{"allow":["GET"]}}],"collection":[{"href":"https:\/\/leukefeld.net\/index.php?rest_route=\/wp\/v2\/posts"}],"about":[{"href":"https:\/\/leukefeld.net\/index.php?rest_route=\/wp\/v2\/types\/post"}],"author":[{"embeddable":true,"href":"https:\/\/leukefeld.net\/index.php?rest_route=\/wp\/v2\/users\/2"}],"replies":[{"embeddable":true,"href":"https:\/\/leukefeld.net\/index.php?rest_route=%2Fwp%2Fv2%2Fcomments&post=2217"}],"version-history":[{"count":1,"href":"https:\/\/leukefeld.net\/index.php?rest_route=\/wp\/v2\/posts\/2217\/revisions"}],"predecessor-version":[{"id":2218,"href":"https:\/\/leukefeld.net\/index.php?rest_route=\/wp\/v2\/posts\/2217\/revisions\/2218"}],"wp:attachment":[{"href":"https:\/\/leukefeld.net\/index.php?rest_route=%2Fwp%2Fv2%2Fmedia&parent=2217"}],"wp:term":[{"taxonomy":"category","embeddable":true,"href":"https:\/\/leukefeld.net\/index.php?rest_route=%2Fwp%2Fv2%2Fcategories&post=2217"},{"taxonomy":"post_tag","embeddable":true,"href":"https:\/\/leukefeld.net\/index.php?rest_route=%2Fwp%2Fv2%2Ftags&post=2217"}],"curies":[{"name":"wp","href":"https:\/\/api.w.org\/{rel}","templated":true}]}}