{"id":218,"date":"2012-08-20T07:19:37","date_gmt":"2012-08-20T06:19:37","guid":{"rendered":"http:\/\/leukefeld.net\/?p=218"},"modified":"2014-09-09T07:20:42","modified_gmt":"2014-09-09T06:20:42","slug":"eid-fest-im-krieg","status":"publish","type":"post","link":"https:\/\/leukefeld.net\/?p=218","title":{"rendered":"Eid-Fest im Krieg"},"content":{"rendered":"<p>Keine Feuerpause zum Ramadan-Ende: Aufruf gem\u00e4\u00dfigter syrischer Oppositionsgruppen an Aufst\u00e4ndische und Armee bleibt erfolglos. Eid Kerim! Alles Gute zum Eid-Fest, bereiten Funk und Fernsehen die Syrer auf das ersehnte Ende des Fastenmonats Ramadan vor.F ernsehk\u00f6che erl\u00e4utern, wie zum Eid-Al-Fitr die k\u00f6stlichsten Leckereien zubereitet werden, Restaurants und Hotels werben mit Sonderangeboten (&#8230;)<\/p>\n<p>Die Reportage erschien in der Berliner Tageszeitung junge welt am 20. August 2012 und kann <a href=\"http:\/\/leukefeld.net\/wp-content\/uploads\/2014\/09\/jw-2012-08-20-15.pdf\" target=\"_blank\">hier<\/a> als pdf-Datei heruntergeladen werden.<\/p>\n","protected":false},"excerpt":{"rendered":"<p>Keine Feuerpause zum Ramadan-Ende: Aufruf gem\u00e4\u00dfigter syrischer Oppositionsgruppen an Aufst\u00e4ndische und Armee bleibt erfolglos. Eid Kerim! Alles Gute zum Eid-Fest, bereiten Funk und Fernsehen die Syrer auf das ersehnte Ende des Fastenmonats Ramadan vor.F ernsehk\u00f6che erl\u00e4utern, wie zum Eid-Al-Fitr die &hellip; <a href=\"https:\/\/leukefeld.net\/?p=218\">Weiterlesen <span class=\"meta-nav\">&rarr;<\/span><\/a><\/p>\n","protected":false},"author":1,"featured_media":0,"comment_status":"closed","ping_status":"closed","sticky":false,"template":"","format":"standard","meta":{"footnotes":""},"categories":[6],"tags":[],"class_list":["post-218","post","type-post","status-publish","format-standard","hentry","category-reportagen-interviews-deutsch"],"_links":{"self":[{"href":"https:\/\/leukefeld.net\/index.php?rest_route=\/wp\/v2\/posts\/218","targetHints":{"allow":["GET"]}}],"collection":[{"href":"https:\/\/leukefeld.net\/index.php?rest_route=\/wp\/v2\/posts"}],"about":[{"href":"https:\/\/leukefeld.net\/index.php?rest_route=\/wp\/v2\/types\/post"}],"author":[{"embeddable":true,"href":"https:\/\/leukefeld.net\/index.php?rest_route=\/wp\/v2\/users\/1"}],"replies":[{"embeddable":true,"href":"https:\/\/leukefeld.net\/index.php?rest_route=%2Fwp%2Fv2%2Fcomments&post=218"}],"version-history":[{"count":1,"href":"https:\/\/leukefeld.net\/index.php?rest_route=\/wp\/v2\/posts\/218\/revisions"}],"predecessor-version":[{"id":219,"href":"https:\/\/leukefeld.net\/index.php?rest_route=\/wp\/v2\/posts\/218\/revisions\/219"}],"wp:attachment":[{"href":"https:\/\/leukefeld.net\/index.php?rest_route=%2Fwp%2Fv2%2Fmedia&parent=218"}],"wp:term":[{"taxonomy":"category","embeddable":true,"href":"https:\/\/leukefeld.net\/index.php?rest_route=%2Fwp%2Fv2%2Fcategories&post=218"},{"taxonomy":"post_tag","embeddable":true,"href":"https:\/\/leukefeld.net\/index.php?rest_route=%2Fwp%2Fv2%2Ftags&post=218"}],"curies":[{"name":"wp","href":"https:\/\/api.w.org\/{rel}","templated":true}]}}