{"id":216,"date":"2012-08-18T07:18:30","date_gmt":"2012-08-18T06:18:30","guid":{"rendered":"http:\/\/leukefeld.net\/?p=216"},"modified":"2014-09-09T07:19:29","modified_gmt":"2014-09-09T06:19:29","slug":"das-regime-muss-in-einen-dialog-einbezogen-werden-gespraech-mit-ali-haidar","status":"publish","type":"post","link":"https:\/\/leukefeld.net\/?p=216","title":{"rendered":"\u00bbDas Regime muss in einen Dialog einbezogen werden\u00ab Gespr\u00e4ch mit Ali Haidar"},"content":{"rendered":"<p>\u00dcber die Schwierigkeiten einer nationalen Vers\u00f6hnung in Syrien, die Verweigerungshaltung von Oppositionsgruppen, ausl\u00e4ndische Dschihadisten und schlechte Erfahrungen mit den Medien. Ali Haidar ist Staatsminister im neu eingerichteten Ministerium f\u00fcr Angelegenheiten der Nationalen Vers\u00f6hnung Syriens. Der Augenarzt und Chirurg wurde 1962 in Hama geboren. Er ist Vorsitzender der oppositionellen Syrischen Sozialen Nationalistischen Partei (SSNP).<\/p>\n<p>Das Interview erschien in der Berliner Tageszeitung junge welt am 18.8.2012 und kann <a href=\"http:\/\/leukefeld.net\/wp-content\/uploads\/2014\/09\/jW_192_beil01und02.pdf\" target=\"_blank\">hier<\/a> als pdf-Datei heruntergeladen werden.<\/p>\n","protected":false},"excerpt":{"rendered":"<p>\u00dcber die Schwierigkeiten einer nationalen Vers\u00f6hnung in Syrien, die Verweigerungshaltung von Oppositionsgruppen, ausl\u00e4ndische Dschihadisten und schlechte Erfahrungen mit den Medien. Ali Haidar ist Staatsminister im neu eingerichteten Ministerium f\u00fcr Angelegenheiten der Nationalen Vers\u00f6hnung Syriens. Der Augenarzt und Chirurg wurde 1962 &hellip; <a href=\"https:\/\/leukefeld.net\/?p=216\">Weiterlesen <span class=\"meta-nav\">&rarr;<\/span><\/a><\/p>\n","protected":false},"author":1,"featured_media":0,"comment_status":"closed","ping_status":"closed","sticky":false,"template":"","format":"standard","meta":{"footnotes":""},"categories":[6],"tags":[],"class_list":["post-216","post","type-post","status-publish","format-standard","hentry","category-reportagen-interviews-deutsch"],"_links":{"self":[{"href":"https:\/\/leukefeld.net\/index.php?rest_route=\/wp\/v2\/posts\/216","targetHints":{"allow":["GET"]}}],"collection":[{"href":"https:\/\/leukefeld.net\/index.php?rest_route=\/wp\/v2\/posts"}],"about":[{"href":"https:\/\/leukefeld.net\/index.php?rest_route=\/wp\/v2\/types\/post"}],"author":[{"embeddable":true,"href":"https:\/\/leukefeld.net\/index.php?rest_route=\/wp\/v2\/users\/1"}],"replies":[{"embeddable":true,"href":"https:\/\/leukefeld.net\/index.php?rest_route=%2Fwp%2Fv2%2Fcomments&post=216"}],"version-history":[{"count":1,"href":"https:\/\/leukefeld.net\/index.php?rest_route=\/wp\/v2\/posts\/216\/revisions"}],"predecessor-version":[{"id":217,"href":"https:\/\/leukefeld.net\/index.php?rest_route=\/wp\/v2\/posts\/216\/revisions\/217"}],"wp:attachment":[{"href":"https:\/\/leukefeld.net\/index.php?rest_route=%2Fwp%2Fv2%2Fmedia&parent=216"}],"wp:term":[{"taxonomy":"category","embeddable":true,"href":"https:\/\/leukefeld.net\/index.php?rest_route=%2Fwp%2Fv2%2Fcategories&post=216"},{"taxonomy":"post_tag","embeddable":true,"href":"https:\/\/leukefeld.net\/index.php?rest_route=%2Fwp%2Fv2%2Ftags&post=216"}],"curies":[{"name":"wp","href":"https:\/\/api.w.org\/{rel}","templated":true}]}}