{"id":2108,"date":"2024-03-15T22:42:11","date_gmt":"2024-03-15T21:42:11","guid":{"rendered":"https:\/\/leukefeld.net\/?p=2108"},"modified":"2024-03-22T22:50:14","modified_gmt":"2024-03-22T21:50:14","slug":"im-einsatz-fuer-israel","status":"publish","type":"post","link":"https:\/\/leukefeld.net\/?p=2108","title":{"rendered":"Im Einsatz f\u00fcr Israel"},"content":{"rendered":"<p>Seit mehr als f\u00fcnf Monaten \u2013 mit Unterbrechung durch eine knapp einw\u00f6chige Feuerpause zum Austausch von Gefangenen Ende November 2023 \u2013 bombardieren die israelischen Streitkr\u00e4fte aus der Luft, vom Meer und vom Land den pal\u00e4stinensischen K\u00fcstenstreifen rund um die Uhr. Unterst\u00fctzt werden sie dabei von den USA, Gro\u00dfbritannien, Deutschland, Frankreich und vermutlich von weiteren westlichen NATO-Staaten, die Waffen, Munition, Aufkl\u00e4rungsdaten, politische und mediale Hilfe leisten. Nun sollen neben Bomben und Raketen auch Hilfsg\u00fcter die Bev\u00f6lkerung in Gaza erreichen. Aus der Luft und vom Mittelmeer her sollen Mehl und Reis abgeworfen bzw. angelandet werden, um den Menschen \u201eden Zugang zu Nahrungsmitteln und Medikamenten\u201c zu erm\u00f6glichen, wie der deutsche Verteidigungsminister Boris Pistorius sagt.<\/p>\n<p>Weiterlesen hier:\u00a0<a href=\"https:\/\/www.nachdenkseiten.de\/?p=112476\">https:\/\/www.nachdenkseiten.de\/?p=112476<\/a><\/p>\n","protected":false},"excerpt":{"rendered":"<p>Seit mehr als f\u00fcnf Monaten \u2013 mit Unterbrechung durch eine knapp einw\u00f6chige Feuerpause zum Austausch von Gefangenen Ende November 2023 \u2013 bombardieren die israelischen Streitkr\u00e4fte aus der Luft, vom Meer und vom Land den pal\u00e4stinensischen K\u00fcstenstreifen rund um die Uhr. &hellip; <a href=\"https:\/\/leukefeld.net\/?p=2108\">Weiterlesen <span class=\"meta-nav\">&rarr;<\/span><\/a><\/p>\n","protected":false},"author":2,"featured_media":0,"comment_status":"closed","ping_status":"closed","sticky":false,"template":"","format":"standard","meta":{"footnotes":""},"categories":[5,6],"tags":[],"class_list":["post-2108","post","type-post","status-publish","format-standard","hentry","category-radio-features-deutsch","category-reportagen-interviews-deutsch"],"_links":{"self":[{"href":"https:\/\/leukefeld.net\/index.php?rest_route=\/wp\/v2\/posts\/2108","targetHints":{"allow":["GET"]}}],"collection":[{"href":"https:\/\/leukefeld.net\/index.php?rest_route=\/wp\/v2\/posts"}],"about":[{"href":"https:\/\/leukefeld.net\/index.php?rest_route=\/wp\/v2\/types\/post"}],"author":[{"embeddable":true,"href":"https:\/\/leukefeld.net\/index.php?rest_route=\/wp\/v2\/users\/2"}],"replies":[{"embeddable":true,"href":"https:\/\/leukefeld.net\/index.php?rest_route=%2Fwp%2Fv2%2Fcomments&post=2108"}],"version-history":[{"count":3,"href":"https:\/\/leukefeld.net\/index.php?rest_route=\/wp\/v2\/posts\/2108\/revisions"}],"predecessor-version":[{"id":2111,"href":"https:\/\/leukefeld.net\/index.php?rest_route=\/wp\/v2\/posts\/2108\/revisions\/2111"}],"wp:attachment":[{"href":"https:\/\/leukefeld.net\/index.php?rest_route=%2Fwp%2Fv2%2Fmedia&parent=2108"}],"wp:term":[{"taxonomy":"category","embeddable":true,"href":"https:\/\/leukefeld.net\/index.php?rest_route=%2Fwp%2Fv2%2Fcategories&post=2108"},{"taxonomy":"post_tag","embeddable":true,"href":"https:\/\/leukefeld.net\/index.php?rest_route=%2Fwp%2Fv2%2Ftags&post=2108"}],"curies":[{"name":"wp","href":"https:\/\/api.w.org\/{rel}","templated":true}]}}