{"id":2063,"date":"2023-12-20T20:14:25","date_gmt":"2023-12-20T19:14:25","guid":{"rendered":"https:\/\/leukefeld.net\/?p=2063"},"modified":"2024-01-02T20:24:31","modified_gmt":"2024-01-02T19:24:31","slug":"der-gazakrieg-und-die-destabilisierung-des-nahen-ostens","status":"publish","type":"post","link":"https:\/\/leukefeld.net\/?p=2063","title":{"rendered":"Der Gazakrieg und die Destabilisierung des Nahen Ostens"},"content":{"rendered":"<p>In dem Gespr\u00e4ch mit Sabine Kebir von Weltnetz TV geht es um den milit\u00e4rischen Schlagabtausch zwischen Israel und der libanesischen Hisbollah und \u00fcber hier kaum bekannte Facetten des Konflikts. Auch jemenitische Huthis &#8211; Ansarallah &#8211; greifen in den Konflikt ein.\u00a0Erl\u00e4utert wird die sich weiter verschlechternde Versorgungslage der syrischen Bev\u00f6lkerung. Das Land kann sich von den Kriegsfolgen nicht erholen, was den vom Westen verh\u00e4ngten Handelssanktionen geschuldet ist. Diese \u201ewirtschaftlichen Straf- oder Beugema\u00dfnahmen\u201c \u00e4hneln den seit 1959 gegen Kuba verh\u00e4ngten Sanktionen, die ebenfalls einen Regime-Change zum Ziel haben. Selbst Verb\u00fcndete wie Russland, Iran und China k\u00f6nnen nur begrenzt helfen, weil auch ihre Handelsschiffe auf verschiedene Weise behindert werden, syrische H\u00e4fen anzulaufen.<\/p>\n<p>Das Gespr\u00e4ch bei Weltnetz TV:\u00a0<a href=\"https:\/\/weltnetz.tv\/video\/2953-der-gazakrieg-und-die-destabilisierung-des-nahen-ostens\">https:\/\/weltnetz.tv\/video\/2953-der-gazakrieg-und-die-destabilisierung-des-nahen-ostens<\/a><\/p>\n","protected":false},"excerpt":{"rendered":"<p>In dem Gespr\u00e4ch mit Sabine Kebir von Weltnetz TV geht es um den milit\u00e4rischen Schlagabtausch zwischen Israel und der libanesischen Hisbollah und \u00fcber hier kaum bekannte Facetten des Konflikts. Auch jemenitische Huthis &#8211; Ansarallah &#8211; greifen in den Konflikt ein.\u00a0Erl\u00e4utert &hellip; <a href=\"https:\/\/leukefeld.net\/?p=2063\">Weiterlesen <span class=\"meta-nav\">&rarr;<\/span><\/a><\/p>\n","protected":false},"author":2,"featured_media":0,"comment_status":"closed","ping_status":"closed","sticky":false,"template":"","format":"standard","meta":{"footnotes":""},"categories":[5,6],"tags":[],"class_list":["post-2063","post","type-post","status-publish","format-standard","hentry","category-radio-features-deutsch","category-reportagen-interviews-deutsch"],"_links":{"self":[{"href":"https:\/\/leukefeld.net\/index.php?rest_route=\/wp\/v2\/posts\/2063","targetHints":{"allow":["GET"]}}],"collection":[{"href":"https:\/\/leukefeld.net\/index.php?rest_route=\/wp\/v2\/posts"}],"about":[{"href":"https:\/\/leukefeld.net\/index.php?rest_route=\/wp\/v2\/types\/post"}],"author":[{"embeddable":true,"href":"https:\/\/leukefeld.net\/index.php?rest_route=\/wp\/v2\/users\/2"}],"replies":[{"embeddable":true,"href":"https:\/\/leukefeld.net\/index.php?rest_route=%2Fwp%2Fv2%2Fcomments&post=2063"}],"version-history":[{"count":1,"href":"https:\/\/leukefeld.net\/index.php?rest_route=\/wp\/v2\/posts\/2063\/revisions"}],"predecessor-version":[{"id":2064,"href":"https:\/\/leukefeld.net\/index.php?rest_route=\/wp\/v2\/posts\/2063\/revisions\/2064"}],"wp:attachment":[{"href":"https:\/\/leukefeld.net\/index.php?rest_route=%2Fwp%2Fv2%2Fmedia&parent=2063"}],"wp:term":[{"taxonomy":"category","embeddable":true,"href":"https:\/\/leukefeld.net\/index.php?rest_route=%2Fwp%2Fv2%2Fcategories&post=2063"},{"taxonomy":"post_tag","embeddable":true,"href":"https:\/\/leukefeld.net\/index.php?rest_route=%2Fwp%2Fv2%2Ftags&post=2063"}],"curies":[{"name":"wp","href":"https:\/\/api.w.org\/{rel}","templated":true}]}}