{"id":2024,"date":"2023-10-17T15:34:30","date_gmt":"2023-10-17T14:34:30","guid":{"rendered":"https:\/\/leukefeld.net\/?p=2024"},"modified":"2023-10-17T15:34:30","modified_gmt":"2023-10-17T14:34:30","slug":"meldungen-aus-dem-krieg-israel-palaestina-suedlibanon","status":"publish","type":"post","link":"https:\/\/leukefeld.net\/?p=2024","title":{"rendered":"Meldungen aus dem Krieg &#8211; Israel, Pal\u00e4stina, S\u00fcdlibanon"},"content":{"rendered":"<p>Als Reaktion auf den Tod von Zivilisten im S\u00fcden des Libanon durch Beschu\u00df der israelischen Armee hat die libanesische Hisbollah am Wochenende gezielt Vergeltung<br \/>\nge\u00fcbt. Nach Angaben der Organisation wurden an verschiedenen Orten Stellungen der israelischen Armee sowie Kommunikations- und \u00dcberwachungseinrichtungen mit Gewehrfeuer und Panzerabwehr-Lenkraketen zerst\u00f6rt. Bereits am Samstag waren<br \/>\nf\u00fcnf israelische Milit\u00e4rstellungen von der Hisbollah angegriffen worden.<br \/>\nEin Sprecher der Israelischen Armee best\u00e4tigte die Angriffe und sprach von einem<br \/>\nToten und f\u00fcnf verletzten Soldaten. Nach Angaben des Armeerundfunks waren bereits<br \/>\nzuvor aufgrund \u00bbeines operativen Fehlers w\u00e4hrend milit\u00e4rischer Marineaktivit\u00e4ten nahe der Grenze zum Libanon &#8222;eine Soldatin get\u00f6tet und ein Soldat verletzt &#8220; worden.<br \/>\nDie Bev\u00f6lkerung in verschiedenen Siedlungen in dem Gebiet s\u00fcdlich der \u00bbBlauen<br \/>\nLinie\u00ab wurde aufgefordert, die Schutzr\u00e4ume aufzusuchen. In der Siedlung Matulla<br \/>\nwurde die Bev\u00f6lkerung aufgefordert, T\u00fcren geschlossen zu halten, weil mit \u00bbInfiltrationen\u00ab zu rechnen sei. Am ganzen Wochenende griff die israelische Armee libanesische D\u00f6rfer unweit der \u00bbBlauen Linie\u00ab aus der Luft und mit Artillerie an. Am Sonntag wurde schlie\u00dflich eine 4 Kilometer breite Pufferzone entlang der \u00bbBlauen Linie\u00ab und die Evakuierung von 28 israelischen Siedlungen in dem Gebiet angeordnet.<\/p>\n<p>Weiterlesen bei Zeitung vum Laetzebuerger Vollek: <a href=\"https:\/\/leukefeld.net\/wp-content\/uploads\/2023\/10\/zlv-231017-Libanon-Blaue-Linie-unter-Feuer.pdf\">zlv 231017 Libanon &#8211; Blaue Linie unter Feuer<\/a><\/p>\n","protected":false},"excerpt":{"rendered":"<p>Als Reaktion auf den Tod von Zivilisten im S\u00fcden des Libanon durch Beschu\u00df der israelischen Armee hat die libanesische Hisbollah am Wochenende gezielt Vergeltung ge\u00fcbt. Nach Angaben der Organisation wurden an verschiedenen Orten Stellungen der israelischen Armee sowie Kommunikations- und &hellip; <a href=\"https:\/\/leukefeld.net\/?p=2024\">Weiterlesen <span class=\"meta-nav\">&rarr;<\/span><\/a><\/p>\n","protected":false},"author":2,"featured_media":0,"comment_status":"closed","ping_status":"closed","sticky":false,"template":"","format":"standard","meta":{"footnotes":""},"categories":[6],"tags":[],"class_list":["post-2024","post","type-post","status-publish","format-standard","hentry","category-reportagen-interviews-deutsch"],"_links":{"self":[{"href":"https:\/\/leukefeld.net\/index.php?rest_route=\/wp\/v2\/posts\/2024","targetHints":{"allow":["GET"]}}],"collection":[{"href":"https:\/\/leukefeld.net\/index.php?rest_route=\/wp\/v2\/posts"}],"about":[{"href":"https:\/\/leukefeld.net\/index.php?rest_route=\/wp\/v2\/types\/post"}],"author":[{"embeddable":true,"href":"https:\/\/leukefeld.net\/index.php?rest_route=\/wp\/v2\/users\/2"}],"replies":[{"embeddable":true,"href":"https:\/\/leukefeld.net\/index.php?rest_route=%2Fwp%2Fv2%2Fcomments&post=2024"}],"version-history":[{"count":1,"href":"https:\/\/leukefeld.net\/index.php?rest_route=\/wp\/v2\/posts\/2024\/revisions"}],"predecessor-version":[{"id":2026,"href":"https:\/\/leukefeld.net\/index.php?rest_route=\/wp\/v2\/posts\/2024\/revisions\/2026"}],"wp:attachment":[{"href":"https:\/\/leukefeld.net\/index.php?rest_route=%2Fwp%2Fv2%2Fmedia&parent=2024"}],"wp:term":[{"taxonomy":"category","embeddable":true,"href":"https:\/\/leukefeld.net\/index.php?rest_route=%2Fwp%2Fv2%2Fcategories&post=2024"},{"taxonomy":"post_tag","embeddable":true,"href":"https:\/\/leukefeld.net\/index.php?rest_route=%2Fwp%2Fv2%2Ftags&post=2024"}],"curies":[{"name":"wp","href":"https:\/\/api.w.org\/{rel}","templated":true}]}}