{"id":197,"date":"2013-07-27T06:59:57","date_gmt":"2013-07-27T05:59:57","guid":{"rendered":"http:\/\/leukefeld.net\/?p=197"},"modified":"2014-09-09T07:00:55","modified_gmt":"2014-09-09T06:00:55","slug":"kampf-um-ressourcen","status":"publish","type":"post","link":"https:\/\/leukefeld.net\/?p=197","title":{"rendered":"Kampf um Ressourcen"},"content":{"rendered":"<p>Karin Leukefeld im Gespr\u00e4ch mit weltnetz.tv \u00fcber die K\u00e4mpfe innerhalb der syrischen Opposition und die drohende Gefahr einer Fragmentierung des Landes: <a href=\"http:\/\/weltnetz.tv\/video\/489\" target=\"_blank\">Link<\/a><\/p>\n","protected":false},"excerpt":{"rendered":"<p>Karin Leukefeld im Gespr\u00e4ch mit weltnetz.tv \u00fcber die K\u00e4mpfe innerhalb der syrischen Opposition und die drohende Gefahr einer Fragmentierung des Landes: Link<\/p>\n","protected":false},"author":1,"featured_media":0,"comment_status":"closed","ping_status":"closed","sticky":false,"template":"","format":"standard","meta":{"footnotes":""},"categories":[6],"tags":[],"class_list":["post-197","post","type-post","status-publish","format-standard","hentry","category-reportagen-interviews-deutsch"],"_links":{"self":[{"href":"https:\/\/leukefeld.net\/index.php?rest_route=\/wp\/v2\/posts\/197","targetHints":{"allow":["GET"]}}],"collection":[{"href":"https:\/\/leukefeld.net\/index.php?rest_route=\/wp\/v2\/posts"}],"about":[{"href":"https:\/\/leukefeld.net\/index.php?rest_route=\/wp\/v2\/types\/post"}],"author":[{"embeddable":true,"href":"https:\/\/leukefeld.net\/index.php?rest_route=\/wp\/v2\/users\/1"}],"replies":[{"embeddable":true,"href":"https:\/\/leukefeld.net\/index.php?rest_route=%2Fwp%2Fv2%2Fcomments&post=197"}],"version-history":[{"count":1,"href":"https:\/\/leukefeld.net\/index.php?rest_route=\/wp\/v2\/posts\/197\/revisions"}],"predecessor-version":[{"id":198,"href":"https:\/\/leukefeld.net\/index.php?rest_route=\/wp\/v2\/posts\/197\/revisions\/198"}],"wp:attachment":[{"href":"https:\/\/leukefeld.net\/index.php?rest_route=%2Fwp%2Fv2%2Fmedia&parent=197"}],"wp:term":[{"taxonomy":"category","embeddable":true,"href":"https:\/\/leukefeld.net\/index.php?rest_route=%2Fwp%2Fv2%2Fcategories&post=197"},{"taxonomy":"post_tag","embeddable":true,"href":"https:\/\/leukefeld.net\/index.php?rest_route=%2Fwp%2Fv2%2Ftags&post=197"}],"curies":[{"name":"wp","href":"https:\/\/api.w.org\/{rel}","templated":true}]}}