{"id":1951,"date":"2023-06-02T08:00:57","date_gmt":"2023-06-02T07:00:57","guid":{"rendered":"https:\/\/leukefeld.net\/?p=1951"},"modified":"2023-06-03T08:01:20","modified_gmt":"2023-06-03T07:01:20","slug":"wie-der-tod-den-krieg-ueberlebt","status":"publish","type":"post","link":"https:\/\/leukefeld.net\/?p=1951","title":{"rendered":"Wie der Tod den Krieg \u00fcberlebt"},"content":{"rendered":"<p>Seit 22 Jahren verw\u00fcstet der US-gef\u00fchrte \u201eKrieg gegen den Terror\u201c L\u00e4nder und Leben. Je l\u00e4nger das Unrecht anh\u00e4lt, desto gr\u00f6\u00dfer die Verw\u00fcstungen, die an Mensch und Natur, an der Wirtschaft und an der Gesundheit der Menschen angerichtet werden. Der Kern von Krieg ist, dass die reichen L\u00e4nder und ihr Kapital verdienen, w\u00e4hrend die armen, zumeist Entwicklungsl\u00e4nder ausgezehrt und gesellschaftliche, staatliche und wirtschaftliche Strukturen zerst\u00f6rt werden. Aus Weizenfeldern werden Schlachtfelder, der Krieg bringt mehr Macht und Profit, als der Anbau von Weizen.<\/p>\n<p>Das Watson-Institut an der Brown Universit\u00e4t (Rhode Island, USA) dokumentiert die Folgen und die Kosten der &#8222;Kriege gegen den Terror&#8220;, die bis heute mehr als 85 L\u00e4nder weltweit betreffen.\u00a0Der j\u00fcngste Bericht tr\u00e4gt den Titel\u00a0<a href=\"https:\/\/watson.brown.edu\/costsofwar\/papers\/2021\/USCounterterrorismOperations\">\u201eWie der Tod den Krieg \u00fcberlebt\u201c<\/a>, befasst sich mit Afghanistan, Irak, Pakistan, Syrien, Jemen, Libyen und Somalia. Mindestens 4,5 Millionen Menschen wurden seit Beginn des \u201eKriegs gegen den Terror\u201c allein in diesen L\u00e4ndern get\u00f6tet,\u00a0<a href=\"https:\/\/watson.brown.edu\/costsofwar\/papers\/2023\/IndirectDeaths\">schreibt das Watson-Institut<\/a>. Diese Menschen starben nicht in Kriegshandlungen, sondern an den Folgen (sic!) der Kriege.<\/p>\n<p>Bitte weiterlesen bei den Nachdenkseiten:\u00a0<a href=\"https:\/\/www.nachdenkseiten.de\/?p=98728\">https:\/\/www.nachdenkseiten.de\/?p=98728<\/a><\/p>\n<p>Dort auch als Podcast zum Nachh\u00f6ren.<\/p>\n","protected":false},"excerpt":{"rendered":"<p>Seit 22 Jahren verw\u00fcstet der US-gef\u00fchrte \u201eKrieg gegen den Terror\u201c L\u00e4nder und Leben. Je l\u00e4nger das Unrecht anh\u00e4lt, desto gr\u00f6\u00dfer die Verw\u00fcstungen, die an Mensch und Natur, an der Wirtschaft und an der Gesundheit der Menschen angerichtet werden. Der Kern &hellip; <a href=\"https:\/\/leukefeld.net\/?p=1951\">Weiterlesen <span class=\"meta-nav\">&rarr;<\/span><\/a><\/p>\n","protected":false},"author":2,"featured_media":0,"comment_status":"closed","ping_status":"closed","sticky":false,"template":"","format":"standard","meta":{"footnotes":""},"categories":[5,6],"tags":[],"class_list":["post-1951","post","type-post","status-publish","format-standard","hentry","category-radio-features-deutsch","category-reportagen-interviews-deutsch"],"_links":{"self":[{"href":"https:\/\/leukefeld.net\/index.php?rest_route=\/wp\/v2\/posts\/1951","targetHints":{"allow":["GET"]}}],"collection":[{"href":"https:\/\/leukefeld.net\/index.php?rest_route=\/wp\/v2\/posts"}],"about":[{"href":"https:\/\/leukefeld.net\/index.php?rest_route=\/wp\/v2\/types\/post"}],"author":[{"embeddable":true,"href":"https:\/\/leukefeld.net\/index.php?rest_route=\/wp\/v2\/users\/2"}],"replies":[{"embeddable":true,"href":"https:\/\/leukefeld.net\/index.php?rest_route=%2Fwp%2Fv2%2Fcomments&post=1951"}],"version-history":[{"count":1,"href":"https:\/\/leukefeld.net\/index.php?rest_route=\/wp\/v2\/posts\/1951\/revisions"}],"predecessor-version":[{"id":1952,"href":"https:\/\/leukefeld.net\/index.php?rest_route=\/wp\/v2\/posts\/1951\/revisions\/1952"}],"wp:attachment":[{"href":"https:\/\/leukefeld.net\/index.php?rest_route=%2Fwp%2Fv2%2Fmedia&parent=1951"}],"wp:term":[{"taxonomy":"category","embeddable":true,"href":"https:\/\/leukefeld.net\/index.php?rest_route=%2Fwp%2Fv2%2Fcategories&post=1951"},{"taxonomy":"post_tag","embeddable":true,"href":"https:\/\/leukefeld.net\/index.php?rest_route=%2Fwp%2Fv2%2Ftags&post=1951"}],"curies":[{"name":"wp","href":"https:\/\/api.w.org\/{rel}","templated":true}]}}