{"id":1922,"date":"2023-04-15T16:42:31","date_gmt":"2023-04-15T15:42:31","guid":{"rendered":"https:\/\/leukefeld.net\/?p=1922"},"modified":"2023-04-22T16:44:42","modified_gmt":"2023-04-22T15:44:42","slug":"die-katastrophe-nimmt-ihren-lauf","status":"publish","type":"post","link":"https:\/\/leukefeld.net\/?p=1922","title":{"rendered":"Die Katastrophe nimmt ihren Lauf"},"content":{"rendered":"<p><strong>Der israelische \u00bbUnabh\u00e4ngigkeitskrieg\u00ab und die pal\u00e4stinensische Katastrophe, die Nakba<\/strong><\/p>\n<p>Am 29. November 1947 verabschiedete die Generalversammlung der Organisation der Vereinten Nationen die Resolution 181 (II), den Teilungsplan f\u00fcr Pal\u00e4stina. Unmittelbar darauf begann die systematische Vertreibung von bis zu 800.000 Pal\u00e4stinensern. Was die Israelis \u00bbUnabh\u00e4ngigkeitskrieg\u00ab nennen, ist f\u00fcr die Pal\u00e4stinenser bis heute \u00bbdie Katastrophe\u00ab \u2013 \u00bbNakba\u00ab<\/p>\n<p>Laut UNO-Charta w\u00e4re die Generalversammlung nicht befugt gewesen, eine Entscheidung von solcher Tragweite zu treffen. Nach Artikel 1, Absatz 2 der Charta m\u00fcssen \u00bbBeziehungen zwischen den Nationen\u00ab den Grundsatz von \u00bbGleichberechtigung und Selbstbestimmung der V\u00f6lker\u00ab respektieren. Pal\u00e4stina in einen arabischen und einen j\u00fcdischen Staat zu teilen, h\u00e4tte mindestens ein Referendum der dort lebenden Bev\u00f6lkerung erfordert.<\/p>\n<p>Weiterlesen in der Zeitung vum Laetzebuerger Vollek: <a href=\"https:\/\/leukefeld.net\/wp-content\/uploads\/2023\/04\/zlv-230415-Vor-75-Jahren-Israel-spricht-von-einem-Unabhaengigkeitskrieg-Fuer-die-Palaestinenser-ist-es-eine-Katastrophe-Die-Nakba.pdf\">zlv 230415 Vor 75 Jahren &#8211; Israel spricht von einem Unabh\u00e4ngigkeitskrieg &#8211; F\u00fcr die Pal\u00e4stinenser ist es eine Katastrophe &#8211; Die Nakba<\/a><\/p>\n","protected":false},"excerpt":{"rendered":"<p>Der israelische \u00bbUnabh\u00e4ngigkeitskrieg\u00ab und die pal\u00e4stinensische Katastrophe, die Nakba Am 29. November 1947 verabschiedete die Generalversammlung der Organisation der Vereinten Nationen die Resolution 181 (II), den Teilungsplan f\u00fcr Pal\u00e4stina. Unmittelbar darauf begann die systematische Vertreibung von bis zu 800.000 Pal\u00e4stinensern. &hellip; <a href=\"https:\/\/leukefeld.net\/?p=1922\">Weiterlesen <span class=\"meta-nav\">&rarr;<\/span><\/a><\/p>\n","protected":false},"author":2,"featured_media":0,"comment_status":"closed","ping_status":"closed","sticky":false,"template":"","format":"standard","meta":{"footnotes":""},"categories":[6],"tags":[],"class_list":["post-1922","post","type-post","status-publish","format-standard","hentry","category-reportagen-interviews-deutsch"],"_links":{"self":[{"href":"https:\/\/leukefeld.net\/index.php?rest_route=\/wp\/v2\/posts\/1922","targetHints":{"allow":["GET"]}}],"collection":[{"href":"https:\/\/leukefeld.net\/index.php?rest_route=\/wp\/v2\/posts"}],"about":[{"href":"https:\/\/leukefeld.net\/index.php?rest_route=\/wp\/v2\/types\/post"}],"author":[{"embeddable":true,"href":"https:\/\/leukefeld.net\/index.php?rest_route=\/wp\/v2\/users\/2"}],"replies":[{"embeddable":true,"href":"https:\/\/leukefeld.net\/index.php?rest_route=%2Fwp%2Fv2%2Fcomments&post=1922"}],"version-history":[{"count":1,"href":"https:\/\/leukefeld.net\/index.php?rest_route=\/wp\/v2\/posts\/1922\/revisions"}],"predecessor-version":[{"id":1924,"href":"https:\/\/leukefeld.net\/index.php?rest_route=\/wp\/v2\/posts\/1922\/revisions\/1924"}],"wp:attachment":[{"href":"https:\/\/leukefeld.net\/index.php?rest_route=%2Fwp%2Fv2%2Fmedia&parent=1922"}],"wp:term":[{"taxonomy":"category","embeddable":true,"href":"https:\/\/leukefeld.net\/index.php?rest_route=%2Fwp%2Fv2%2Fcategories&post=1922"},{"taxonomy":"post_tag","embeddable":true,"href":"https:\/\/leukefeld.net\/index.php?rest_route=%2Fwp%2Fv2%2Ftags&post=1922"}],"curies":[{"name":"wp","href":"https:\/\/api.w.org\/{rel}","templated":true}]}}