{"id":1917,"date":"2023-04-03T16:16:20","date_gmt":"2023-04-03T15:16:20","guid":{"rendered":"https:\/\/leukefeld.net\/?p=1917"},"modified":"2023-04-22T16:19:06","modified_gmt":"2023-04-22T15:19:06","slug":"wie-starben-die-menschen-in-dem-keller-in-douma-2018","status":"publish","type":"post","link":"https:\/\/leukefeld.net\/?p=1917","title":{"rendered":"Wie starben die Menschen in dem Keller in Douma 2018?"},"content":{"rendered":"<p><strong>Debatte im UN-Sicherheitsrat \u00fcber die Risiken der Politisierung der OPCW.<\/strong><\/p>\n<p>F\u00fcnf Jahre ist es her, dass Aktivisten der \u201eWei\u00dfhelme\u201c, die sich selber auch als \u201eSyrischer Zivilschutz\u201c bezeichnen, schreckliche Bilder um die Welt schickten. Ort des Geschehens war der Ort Douma, es war der 8. April 2018. Ganze Familien seien vergast worden, so die \u201eWei\u00dfhelme\u201c \u00fcber ihren Twitter-Account. Die Menschen h\u00e4tten Schutz in einem Keller gesucht und seien dort an giftigem Gas erstickt. Die Zahl der Toten liege bei 40, der Syrische Zivilschutz versuche weiter, \u201ezu retten und zu bergen\u201c.<\/p>\n<p>&#8222;Wei\u00dfhelme&#8220;, westliche Medien und Regierungen beschuldigten die syrische Regierung. Doch erfahrene Wissenschaftler der Organisation f\u00fcr das Verbot chemischer Waffen (OPCW) fanden daf\u00fcr bei ihrer Untersuchung vor Ort keine Beweise. Bis heute ist ungekl\u00e4rt, wie die Menschen in dem Keller in Douma ums Leben kamen.<\/p>\n<p>Lesen und nachh\u00f6ren bei NachDenkSeiten: <a href=\"https:\/\/www.nachdenkseiten.de\/?p=95818\">https:\/\/www.nachdenkseiten.de\/?p=95818<\/a><\/p>\n","protected":false},"excerpt":{"rendered":"<p>Debatte im UN-Sicherheitsrat \u00fcber die Risiken der Politisierung der OPCW. F\u00fcnf Jahre ist es her, dass Aktivisten der \u201eWei\u00dfhelme\u201c, die sich selber auch als \u201eSyrischer Zivilschutz\u201c bezeichnen, schreckliche Bilder um die Welt schickten. Ort des Geschehens war der Ort Douma, &hellip; <a href=\"https:\/\/leukefeld.net\/?p=1917\">Weiterlesen <span class=\"meta-nav\">&rarr;<\/span><\/a><\/p>\n","protected":false},"author":2,"featured_media":0,"comment_status":"closed","ping_status":"closed","sticky":false,"template":"","format":"standard","meta":{"footnotes":""},"categories":[5,6],"tags":[],"class_list":["post-1917","post","type-post","status-publish","format-standard","hentry","category-radio-features-deutsch","category-reportagen-interviews-deutsch"],"_links":{"self":[{"href":"https:\/\/leukefeld.net\/index.php?rest_route=\/wp\/v2\/posts\/1917","targetHints":{"allow":["GET"]}}],"collection":[{"href":"https:\/\/leukefeld.net\/index.php?rest_route=\/wp\/v2\/posts"}],"about":[{"href":"https:\/\/leukefeld.net\/index.php?rest_route=\/wp\/v2\/types\/post"}],"author":[{"embeddable":true,"href":"https:\/\/leukefeld.net\/index.php?rest_route=\/wp\/v2\/users\/2"}],"replies":[{"embeddable":true,"href":"https:\/\/leukefeld.net\/index.php?rest_route=%2Fwp%2Fv2%2Fcomments&post=1917"}],"version-history":[{"count":3,"href":"https:\/\/leukefeld.net\/index.php?rest_route=\/wp\/v2\/posts\/1917\/revisions"}],"predecessor-version":[{"id":1920,"href":"https:\/\/leukefeld.net\/index.php?rest_route=\/wp\/v2\/posts\/1917\/revisions\/1920"}],"wp:attachment":[{"href":"https:\/\/leukefeld.net\/index.php?rest_route=%2Fwp%2Fv2%2Fmedia&parent=1917"}],"wp:term":[{"taxonomy":"category","embeddable":true,"href":"https:\/\/leukefeld.net\/index.php?rest_route=%2Fwp%2Fv2%2Fcategories&post=1917"},{"taxonomy":"post_tag","embeddable":true,"href":"https:\/\/leukefeld.net\/index.php?rest_route=%2Fwp%2Fv2%2Ftags&post=1917"}],"curies":[{"name":"wp","href":"https:\/\/api.w.org\/{rel}","templated":true}]}}