{"id":1915,"date":"2023-04-22T08:34:08","date_gmt":"2023-04-22T07:34:08","guid":{"rendered":"https:\/\/leukefeld.net\/?p=1915"},"modified":"2023-04-22T08:34:08","modified_gmt":"2023-04-22T07:34:08","slug":"jemen-zwischen-hoffnung-und-leid","status":"publish","type":"post","link":"https:\/\/leukefeld.net\/?p=1915","title":{"rendered":"Jemen: Zwischen Hoffnung und Leid"},"content":{"rendered":"<p><strong>Zum Ende des Fastenmonats Ramadan \u2013 je nach geografischer Lage am 21. oder 22. April \u2013 feiern Muslime weltweit das Fest Eid al-Fitr. Es wird auch das \u201eKleine Fest\u201c oder \u201eZuckerfest\u201c genannt und ist von sozialen Aktivit\u00e4ten gepr\u00e4gt. Es wird gebetet, Familien und Freunde treffen einander, essen miteinander. Die Kinder bekommen traditionell neue Kleidung geschenkt und auch die Gr\u00e4ber der Verstorbenen werden besucht.\u00a0<\/strong><\/p>\n<p>In Damaskus d\u00fcrfen Jungen \u2013 und inzwischen auch M\u00e4dchen \u2013 mit ihren Freunden und Freundinnen ohne Erwachsenenbegleitung allein durch die Altstadt streifen. In Gruppen sitzen sie hier und dort, schlecken ein Eis, teilen sich eine Waffel oder auch ein Glas Zitronensaft oder jagen im wilden Spiel durch die engen Gassen. Selbst brave M\u00e4dchen mit einem neuen Kopftuch umgebunden spielen heimlich Klingelm\u00e4uschen, um sich dann schnell aus dem Staub zu machen.<\/p>\n<p>In der arabischen Welt ist das diesj\u00e4hrige Eid al-Fitr-Fest von Leid und Hoffnung gleicherma\u00dfen gepr\u00e4gt. Hoffnung gibt es aufgrund der aktuellen Entspannungspolitik der Regionalm\u00e4chte Iran und Saudi-Arabien, die ihre langj\u00e4hrigen Interessenskonflikte beilegen und aufeinander zugehen. Doch Leid gibt es in den Kriegs- und Krisengebieten im Jemen, Syrien, im Libanon und in den besetzten pal\u00e4stinensischen Gebieten noch immer im \u00dcberma\u00df.<\/p>\n<p>Weiterleisen bei Globalbridge.ch:\u00a0<a href=\"https:\/\/globalbridge.ch\/jemen-zwischen-hoffnung-und-leid\/\">https:\/\/globalbridge.ch\/jemen-zwischen-hoffnung-und-leid\/<\/a><\/p>\n","protected":false},"excerpt":{"rendered":"<p>Zum Ende des Fastenmonats Ramadan \u2013 je nach geografischer Lage am 21. oder 22. April \u2013 feiern Muslime weltweit das Fest Eid al-Fitr. Es wird auch das \u201eKleine Fest\u201c oder \u201eZuckerfest\u201c genannt und ist von sozialen Aktivit\u00e4ten gepr\u00e4gt. Es wird &hellip; <a href=\"https:\/\/leukefeld.net\/?p=1915\">Weiterlesen <span class=\"meta-nav\">&rarr;<\/span><\/a><\/p>\n","protected":false},"author":2,"featured_media":0,"comment_status":"closed","ping_status":"closed","sticky":false,"template":"","format":"standard","meta":{"footnotes":""},"categories":[6],"tags":[],"class_list":["post-1915","post","type-post","status-publish","format-standard","hentry","category-reportagen-interviews-deutsch"],"_links":{"self":[{"href":"https:\/\/leukefeld.net\/index.php?rest_route=\/wp\/v2\/posts\/1915","targetHints":{"allow":["GET"]}}],"collection":[{"href":"https:\/\/leukefeld.net\/index.php?rest_route=\/wp\/v2\/posts"}],"about":[{"href":"https:\/\/leukefeld.net\/index.php?rest_route=\/wp\/v2\/types\/post"}],"author":[{"embeddable":true,"href":"https:\/\/leukefeld.net\/index.php?rest_route=\/wp\/v2\/users\/2"}],"replies":[{"embeddable":true,"href":"https:\/\/leukefeld.net\/index.php?rest_route=%2Fwp%2Fv2%2Fcomments&post=1915"}],"version-history":[{"count":1,"href":"https:\/\/leukefeld.net\/index.php?rest_route=\/wp\/v2\/posts\/1915\/revisions"}],"predecessor-version":[{"id":1916,"href":"https:\/\/leukefeld.net\/index.php?rest_route=\/wp\/v2\/posts\/1915\/revisions\/1916"}],"wp:attachment":[{"href":"https:\/\/leukefeld.net\/index.php?rest_route=%2Fwp%2Fv2%2Fmedia&parent=1915"}],"wp:term":[{"taxonomy":"category","embeddable":true,"href":"https:\/\/leukefeld.net\/index.php?rest_route=%2Fwp%2Fv2%2Fcategories&post=1915"},{"taxonomy":"post_tag","embeddable":true,"href":"https:\/\/leukefeld.net\/index.php?rest_route=%2Fwp%2Fv2%2Ftags&post=1915"}],"curies":[{"name":"wp","href":"https:\/\/api.w.org\/{rel}","templated":true}]}}