{"id":191,"date":"2013-09-05T06:56:19","date_gmt":"2013-09-05T05:56:19","guid":{"rendered":"http:\/\/leukefeld.net\/?p=191"},"modified":"2014-09-09T06:57:11","modified_gmt":"2014-09-09T05:57:11","slug":"der-westen-will-den-krieg","status":"publish","type":"post","link":"https:\/\/leukefeld.net\/?p=191","title":{"rendered":"Der Westen will den Krieg"},"content":{"rendered":"<p>Karin Leukefeld im Gespr\u00e4ch mit weltnetz.tv \u00fcber die Giftgasvorw\u00fcrfe gegen den syrischen Pr\u00e4sidenten Assad und die Lehren aus den L\u00fcgen vor dem Krieg<br \/>\ngegen Irak.<\/p>\n<p>Das Gespr\u00e4ch ist <a href=\"http:\/\/weltnetz.tv\/video\/494\" target=\"_blank\">hier <\/a>zu h\u00f6ren und zu sehen.<\/p>\n","protected":false},"excerpt":{"rendered":"<p>Karin Leukefeld im Gespr\u00e4ch mit weltnetz.tv \u00fcber die Giftgasvorw\u00fcrfe gegen den syrischen Pr\u00e4sidenten Assad und die Lehren aus den L\u00fcgen vor dem Krieg gegen Irak. Das Gespr\u00e4ch ist hier zu h\u00f6ren und zu sehen.<\/p>\n","protected":false},"author":1,"featured_media":0,"comment_status":"closed","ping_status":"closed","sticky":false,"template":"","format":"standard","meta":{"footnotes":""},"categories":[6],"tags":[],"class_list":["post-191","post","type-post","status-publish","format-standard","hentry","category-reportagen-interviews-deutsch"],"_links":{"self":[{"href":"https:\/\/leukefeld.net\/index.php?rest_route=\/wp\/v2\/posts\/191","targetHints":{"allow":["GET"]}}],"collection":[{"href":"https:\/\/leukefeld.net\/index.php?rest_route=\/wp\/v2\/posts"}],"about":[{"href":"https:\/\/leukefeld.net\/index.php?rest_route=\/wp\/v2\/types\/post"}],"author":[{"embeddable":true,"href":"https:\/\/leukefeld.net\/index.php?rest_route=\/wp\/v2\/users\/1"}],"replies":[{"embeddable":true,"href":"https:\/\/leukefeld.net\/index.php?rest_route=%2Fwp%2Fv2%2Fcomments&post=191"}],"version-history":[{"count":1,"href":"https:\/\/leukefeld.net\/index.php?rest_route=\/wp\/v2\/posts\/191\/revisions"}],"predecessor-version":[{"id":192,"href":"https:\/\/leukefeld.net\/index.php?rest_route=\/wp\/v2\/posts\/191\/revisions\/192"}],"wp:attachment":[{"href":"https:\/\/leukefeld.net\/index.php?rest_route=%2Fwp%2Fv2%2Fmedia&parent=191"}],"wp:term":[{"taxonomy":"category","embeddable":true,"href":"https:\/\/leukefeld.net\/index.php?rest_route=%2Fwp%2Fv2%2Fcategories&post=191"},{"taxonomy":"post_tag","embeddable":true,"href":"https:\/\/leukefeld.net\/index.php?rest_route=%2Fwp%2Fv2%2Ftags&post=191"}],"curies":[{"name":"wp","href":"https:\/\/api.w.org\/{rel}","templated":true}]}}