{"id":1893,"date":"2023-03-09T12:25:14","date_gmt":"2023-03-09T11:25:14","guid":{"rendered":"https:\/\/leukefeld.net\/?p=1893"},"modified":"2023-03-12T12:26:39","modified_gmt":"2023-03-12T11:26:39","slug":"ausloeschen-rechtsextreme-siedler-und-minister-mobilisieren-gegen-palaestinenser","status":"publish","type":"post","link":"https:\/\/leukefeld.net\/?p=1893","title":{"rendered":"Ausl\u00f6schen &#8211; Rechtsextreme Siedler und Minister mobilisieren gegen Pal\u00e4stinenser"},"content":{"rendered":"<p>&#8222;Obwohl sie unsere H\u00e4user zerst\u00f6ren, lassen wir uns nicht einsch\u00fcchtern. Wir w\u00fcnschen den Verletzten, da\u00df sie bald wieder gesund werden und den Toten w\u00fcnschen wir Frieden.&#8220; Der junge Mann, der das dem katarischen Nachrichtensender \u00bbAl Jazeera\u00ab sagt, ist von Tr\u00fcmmern umgeben. Es ist Dienstag, der 7. M\u00e4rz und die israelische Armee hat einen weiteren blutigen Rachefeldzug gegen das pal\u00e4stinensische Fl\u00fcchtlingslager Jenin beendet. Die Bilder der sechs get\u00f6teten M\u00e4nner werden \u00fcber arabische Medien verbreitet. \u00bbAl Jazeera\u00ab zeigt in seinem Beitrag die Bahren der sechs Toten, die von Hunderten H\u00e4nden gehalten werden und \u00fcber einer Menschenmenge kreisen.<\/p>\n<p>Der Artikel erschien in der Zeitung vum Letzebuerger Vollek (Luxemburg) am 09.03.2023: <a href=\"https:\/\/leukefeld.net\/wp-content\/uploads\/2023\/03\/zlv-230309-Ausloeschen.pdf\">zlv 230309 Ausl\u00f6schen<\/a><\/p>\n","protected":false},"excerpt":{"rendered":"<p>&#8222;Obwohl sie unsere H\u00e4user zerst\u00f6ren, lassen wir uns nicht einsch\u00fcchtern. Wir w\u00fcnschen den Verletzten, da\u00df sie bald wieder gesund werden und den Toten w\u00fcnschen wir Frieden.&#8220; Der junge Mann, der das dem katarischen Nachrichtensender \u00bbAl Jazeera\u00ab sagt, ist von Tr\u00fcmmern &hellip; <a href=\"https:\/\/leukefeld.net\/?p=1893\">Weiterlesen <span class=\"meta-nav\">&rarr;<\/span><\/a><\/p>\n","protected":false},"author":2,"featured_media":0,"comment_status":"closed","ping_status":"closed","sticky":false,"template":"","format":"standard","meta":{"footnotes":""},"categories":[6],"tags":[],"class_list":["post-1893","post","type-post","status-publish","format-standard","hentry","category-reportagen-interviews-deutsch"],"_links":{"self":[{"href":"https:\/\/leukefeld.net\/index.php?rest_route=\/wp\/v2\/posts\/1893","targetHints":{"allow":["GET"]}}],"collection":[{"href":"https:\/\/leukefeld.net\/index.php?rest_route=\/wp\/v2\/posts"}],"about":[{"href":"https:\/\/leukefeld.net\/index.php?rest_route=\/wp\/v2\/types\/post"}],"author":[{"embeddable":true,"href":"https:\/\/leukefeld.net\/index.php?rest_route=\/wp\/v2\/users\/2"}],"replies":[{"embeddable":true,"href":"https:\/\/leukefeld.net\/index.php?rest_route=%2Fwp%2Fv2%2Fcomments&post=1893"}],"version-history":[{"count":1,"href":"https:\/\/leukefeld.net\/index.php?rest_route=\/wp\/v2\/posts\/1893\/revisions"}],"predecessor-version":[{"id":1895,"href":"https:\/\/leukefeld.net\/index.php?rest_route=\/wp\/v2\/posts\/1893\/revisions\/1895"}],"wp:attachment":[{"href":"https:\/\/leukefeld.net\/index.php?rest_route=%2Fwp%2Fv2%2Fmedia&parent=1893"}],"wp:term":[{"taxonomy":"category","embeddable":true,"href":"https:\/\/leukefeld.net\/index.php?rest_route=%2Fwp%2Fv2%2Fcategories&post=1893"},{"taxonomy":"post_tag","embeddable":true,"href":"https:\/\/leukefeld.net\/index.php?rest_route=%2Fwp%2Fv2%2Ftags&post=1893"}],"curies":[{"name":"wp","href":"https:\/\/api.w.org\/{rel}","templated":true}]}}