{"id":1889,"date":"2023-02-21T17:33:50","date_gmt":"2023-02-21T16:33:50","guid":{"rendered":"https:\/\/leukefeld.net\/?p=1889"},"modified":"2023-03-07T17:34:29","modified_gmt":"2023-03-07T16:34:29","slug":"le-tremblement-de-terre-catastrophique-oblige-toutes-les-parties-a-changer-de-mentalite","status":"publish","type":"post","link":"https:\/\/leukefeld.net\/?p=1889","title":{"rendered":"Le tremblement de terre catastrophique oblige toutes les parties \u00e0 changer de mentalit\u00e9"},"content":{"rendered":"<p lang=\"de-CH\"><span lang=\"\">Le\u00a0<\/span><span lang=\"\">Conseil de s\u00e9curit\u00e9 de l\u2019ONU<\/span>\u00a0s\u2019est pench\u00e9 lundi apr\u00e8s-midi (NY, heure locale) [13 f\u00e9vrier] sur la situation en Syrie. Lors d\u2019une \u00abr\u00e9union priv\u00e9e\u00bb et de \u00abd\u00e9lib\u00e9rations non publiques\u00bb, il a \u00e9t\u00e9 question de la mani\u00e8re d\u2019acheminer le plus rapidement possible une aide suppl\u00e9mentaire dans les zones touch\u00e9es par le tremblement de terre dans le nord de la Syrie et dans la r\u00e9gion c\u00f4ti\u00e8re syrienne. Dans un rapport pr\u00e9liminaire du panel, outre une chronologie des \u00e9v\u00e9nements depuis le 6 f\u00e9vrier 2023, diff\u00e9rentes positions ont \u00e9t\u00e9 esquiss\u00e9es, demandant au gouvernement syrien d\u2019ouvrir d\u2019autres points de passage de la fronti\u00e8re turque vers le nord-ouest de la Syrie.<\/p>\n<p lang=\"de-CH\">En r\u00e9alit\u00e9, la fronti\u00e8re entre la Syrie et la Turquie n\u2019est pas contr\u00f4l\u00e9e par la Syrie, \u00e0 l\u2019exception d\u2019un point de passage pr\u00e8s de Kassab, \u00e0 l\u2019ouest. Tous les points de passage sont contr\u00f4l\u00e9s par la Turquie et par les combattants arm\u00e9s alli\u00e9s de la Turquie.<\/p>\n<p lang=\"de-CH\">Publi\u00e9 par Schweizer Stundpunkt 21 F\u00e9vrier 2023:\u00a0<a href=\"https:\/\/schweizer-standpunkt.ch\/news-detailansicht-fr-international\/le-tremblement-de-terre-catastrophique-oblige-toutes-les-parties-a-changer-de-mentalite.html\">https:\/\/schweizer-standpunkt.ch\/news-detailansicht-fr-international\/le-tremblement-de-terre-catastrophique-oblige-toutes-les-parties-a-changer-de-mentalite.html<\/a><\/p>\n","protected":false},"excerpt":{"rendered":"<p>Le\u00a0Conseil de s\u00e9curit\u00e9 de l\u2019ONU\u00a0s\u2019est pench\u00e9 lundi apr\u00e8s-midi (NY, heure locale) [13 f\u00e9vrier] sur la situation en Syrie. Lors d\u2019une \u00abr\u00e9union priv\u00e9e\u00bb et de \u00abd\u00e9lib\u00e9rations non publiques\u00bb, il a \u00e9t\u00e9 question de la mani\u00e8re d\u2019acheminer le plus rapidement possible une &hellip; <a href=\"https:\/\/leukefeld.net\/?p=1889\">Weiterlesen <span class=\"meta-nav\">&rarr;<\/span><\/a><\/p>\n","protected":false},"author":2,"featured_media":0,"comment_status":"closed","ping_status":"closed","sticky":false,"template":"","format":"standard","meta":{"footnotes":""},"categories":[6],"tags":[],"class_list":["post-1889","post","type-post","status-publish","format-standard","hentry","category-reportagen-interviews-deutsch"],"_links":{"self":[{"href":"https:\/\/leukefeld.net\/index.php?rest_route=\/wp\/v2\/posts\/1889","targetHints":{"allow":["GET"]}}],"collection":[{"href":"https:\/\/leukefeld.net\/index.php?rest_route=\/wp\/v2\/posts"}],"about":[{"href":"https:\/\/leukefeld.net\/index.php?rest_route=\/wp\/v2\/types\/post"}],"author":[{"embeddable":true,"href":"https:\/\/leukefeld.net\/index.php?rest_route=\/wp\/v2\/users\/2"}],"replies":[{"embeddable":true,"href":"https:\/\/leukefeld.net\/index.php?rest_route=%2Fwp%2Fv2%2Fcomments&post=1889"}],"version-history":[{"count":1,"href":"https:\/\/leukefeld.net\/index.php?rest_route=\/wp\/v2\/posts\/1889\/revisions"}],"predecessor-version":[{"id":1890,"href":"https:\/\/leukefeld.net\/index.php?rest_route=\/wp\/v2\/posts\/1889\/revisions\/1890"}],"wp:attachment":[{"href":"https:\/\/leukefeld.net\/index.php?rest_route=%2Fwp%2Fv2%2Fmedia&parent=1889"}],"wp:term":[{"taxonomy":"category","embeddable":true,"href":"https:\/\/leukefeld.net\/index.php?rest_route=%2Fwp%2Fv2%2Fcategories&post=1889"},{"taxonomy":"post_tag","embeddable":true,"href":"https:\/\/leukefeld.net\/index.php?rest_route=%2Fwp%2Fv2%2Ftags&post=1889"}],"curies":[{"name":"wp","href":"https:\/\/api.w.org\/{rel}","templated":true}]}}