{"id":1882,"date":"2023-03-07T17:19:26","date_gmt":"2023-03-07T16:19:26","guid":{"rendered":"https:\/\/leukefeld.net\/?p=1882"},"modified":"2023-03-07T17:19:26","modified_gmt":"2023-03-07T16:19:26","slug":"syrien-und-aegypten-annaeherung-historischer-verbuendeter","status":"publish","type":"post","link":"https:\/\/leukefeld.net\/?p=1882","title":{"rendered":"Syrien und \u00c4gypten &#8211; Ann\u00e4herung historischer Verb\u00fcndeter"},"content":{"rendered":"<p>Mit dem Besuch des \u00e4gyptischen Au\u00dfenministers Sameh Shoukry in Damaskus am Sonntag und Montag vergangener Woche schl\u00e4gt \u00c4gypten ein neues Kapitel in den bilateralen Beziehungen zu Syrien auf. M\u00f6glich geworden ist die Ann\u00e4herung durch das verheerende Erdbeben, das am 6. Februar das t\u00fcrkisch-syrische Grenzgebiet verw\u00fcstet und mehr als 50.000 Menschenleben gefordert hat. Sameh Shoukry reiste von Damaskus weiter in die T\u00fcrkei, wo er mit seinem t\u00fcrkischen Amtskollegen Mevlut Cavusoglu zusammentraf.<\/p>\n<p>Der Bericht erschien in der Zeitung vum Letzebuerger Vollek (Luxemburg) am 07.03.2023: <a href=\"https:\/\/leukefeld.net\/wp-content\/uploads\/2023\/03\/zlv-230307-Annaeherung-historischer-Verbuendeter.pdf\">zlv-230307-Ann\u00e4herung historischer Verb\u00fcndeter<\/a><\/p>\n","protected":false},"excerpt":{"rendered":"<p>Mit dem Besuch des \u00e4gyptischen Au\u00dfenministers Sameh Shoukry in Damaskus am Sonntag und Montag vergangener Woche schl\u00e4gt \u00c4gypten ein neues Kapitel in den bilateralen Beziehungen zu Syrien auf. M\u00f6glich geworden ist die Ann\u00e4herung durch das verheerende Erdbeben, das am 6. &hellip; <a href=\"https:\/\/leukefeld.net\/?p=1882\">Weiterlesen <span class=\"meta-nav\">&rarr;<\/span><\/a><\/p>\n","protected":false},"author":2,"featured_media":0,"comment_status":"closed","ping_status":"closed","sticky":false,"template":"","format":"standard","meta":{"footnotes":""},"categories":[6],"tags":[],"class_list":["post-1882","post","type-post","status-publish","format-standard","hentry","category-reportagen-interviews-deutsch"],"_links":{"self":[{"href":"https:\/\/leukefeld.net\/index.php?rest_route=\/wp\/v2\/posts\/1882","targetHints":{"allow":["GET"]}}],"collection":[{"href":"https:\/\/leukefeld.net\/index.php?rest_route=\/wp\/v2\/posts"}],"about":[{"href":"https:\/\/leukefeld.net\/index.php?rest_route=\/wp\/v2\/types\/post"}],"author":[{"embeddable":true,"href":"https:\/\/leukefeld.net\/index.php?rest_route=\/wp\/v2\/users\/2"}],"replies":[{"embeddable":true,"href":"https:\/\/leukefeld.net\/index.php?rest_route=%2Fwp%2Fv2%2Fcomments&post=1882"}],"version-history":[{"count":1,"href":"https:\/\/leukefeld.net\/index.php?rest_route=\/wp\/v2\/posts\/1882\/revisions"}],"predecessor-version":[{"id":1884,"href":"https:\/\/leukefeld.net\/index.php?rest_route=\/wp\/v2\/posts\/1882\/revisions\/1884"}],"wp:attachment":[{"href":"https:\/\/leukefeld.net\/index.php?rest_route=%2Fwp%2Fv2%2Fmedia&parent=1882"}],"wp:term":[{"taxonomy":"category","embeddable":true,"href":"https:\/\/leukefeld.net\/index.php?rest_route=%2Fwp%2Fv2%2Fcategories&post=1882"},{"taxonomy":"post_tag","embeddable":true,"href":"https:\/\/leukefeld.net\/index.php?rest_route=%2Fwp%2Fv2%2Ftags&post=1882"}],"curies":[{"name":"wp","href":"https:\/\/api.w.org\/{rel}","templated":true}]}}