{"id":1871,"date":"2023-02-10T18:29:38","date_gmt":"2023-02-10T17:29:38","guid":{"rendered":"https:\/\/leukefeld.net\/?p=1871"},"modified":"2023-02-10T18:30:15","modified_gmt":"2023-02-10T17:30:15","slug":"weltnetz-tv-im-gespraech-was-ist-los-im-erdbebengebiet-in-syrien","status":"publish","type":"post","link":"https:\/\/leukefeld.net\/?p=1871","title":{"rendered":"Weltnetz TV im Gespr\u00e4ch &#8211; Was ist los im Erdbebengebiet in Syrien?"},"content":{"rendered":"<p>Bundesau\u00dfenministerin Baerbock hat gefordert, dass Syrien \u201ealle Grenz\u00fcberg\u00e4nge\u201c \u00f6ffnen solle. Gemeint sind Zug\u00e4nge im Nordwesten des Landes in Idlib, die unter t\u00fcrkischer Kontrolle stehen und in denen \u201eRebellen\u201c \u2013 die wie Hayat Tahrir al-Scham, HTS \u2013 von der UNO als \u201eTerrororganisation\u201c bezeichnet werden. Die Provinz Aleppo, die gleichnamige Provinzhauptstadt und die K\u00fcstengebiete Syriens sind schwer vom Erdbeben betroffen. Die Regierung hat die Mitgliedsstaaten der Vereinten Nationen um Hilfe f\u00fcr alle in Syrien betroffenen Gebiete gebeten, womit allen Notleidenden am ehesten geholfen w\u00e4re. Leukefeld erkl\u00e4rt, wie gerade das durch die einseitige Sanktionspolitik von EU und USA auch nach dem Erdbeben verhindert wird.<\/p>\n<p>Das Weltnetz TV Gespr\u00e4ch mit Sabine Kebir wurde am 10.02.2023 ver\u00f6ffentlicht und kann hier angeh\u00f6rt werden:\u00a0<a href=\"https:\/\/weltnetz.tv\/video\/2842-was-ist-los-im-erdbebengebiet-syriens\">https:\/\/weltnetz.tv\/video\/2842-was-ist-los-im-erdbebengebiet-syriens<\/a><\/p>\n","protected":false},"excerpt":{"rendered":"<p>Bundesau\u00dfenministerin Baerbock hat gefordert, dass Syrien \u201ealle Grenz\u00fcberg\u00e4nge\u201c \u00f6ffnen solle. Gemeint sind Zug\u00e4nge im Nordwesten des Landes in Idlib, die unter t\u00fcrkischer Kontrolle stehen und in denen \u201eRebellen\u201c \u2013 die wie Hayat Tahrir al-Scham, HTS \u2013 von der UNO als &hellip; <a href=\"https:\/\/leukefeld.net\/?p=1871\">Weiterlesen <span class=\"meta-nav\">&rarr;<\/span><\/a><\/p>\n","protected":false},"author":2,"featured_media":0,"comment_status":"closed","ping_status":"closed","sticky":false,"template":"","format":"standard","meta":{"footnotes":""},"categories":[5,6],"tags":[],"class_list":["post-1871","post","type-post","status-publish","format-standard","hentry","category-radio-features-deutsch","category-reportagen-interviews-deutsch"],"_links":{"self":[{"href":"https:\/\/leukefeld.net\/index.php?rest_route=\/wp\/v2\/posts\/1871","targetHints":{"allow":["GET"]}}],"collection":[{"href":"https:\/\/leukefeld.net\/index.php?rest_route=\/wp\/v2\/posts"}],"about":[{"href":"https:\/\/leukefeld.net\/index.php?rest_route=\/wp\/v2\/types\/post"}],"author":[{"embeddable":true,"href":"https:\/\/leukefeld.net\/index.php?rest_route=\/wp\/v2\/users\/2"}],"replies":[{"embeddable":true,"href":"https:\/\/leukefeld.net\/index.php?rest_route=%2Fwp%2Fv2%2Fcomments&post=1871"}],"version-history":[{"count":1,"href":"https:\/\/leukefeld.net\/index.php?rest_route=\/wp\/v2\/posts\/1871\/revisions"}],"predecessor-version":[{"id":1872,"href":"https:\/\/leukefeld.net\/index.php?rest_route=\/wp\/v2\/posts\/1871\/revisions\/1872"}],"wp:attachment":[{"href":"https:\/\/leukefeld.net\/index.php?rest_route=%2Fwp%2Fv2%2Fmedia&parent=1871"}],"wp:term":[{"taxonomy":"category","embeddable":true,"href":"https:\/\/leukefeld.net\/index.php?rest_route=%2Fwp%2Fv2%2Fcategories&post=1871"},{"taxonomy":"post_tag","embeddable":true,"href":"https:\/\/leukefeld.net\/index.php?rest_route=%2Fwp%2Fv2%2Ftags&post=1871"}],"curies":[{"name":"wp","href":"https:\/\/api.w.org\/{rel}","templated":true}]}}