{"id":1858,"date":"2023-01-30T20:16:59","date_gmt":"2023-01-30T19:16:59","guid":{"rendered":"https:\/\/leukefeld.net\/?p=1858"},"modified":"2023-01-30T20:16:59","modified_gmt":"2023-01-30T19:16:59","slug":"israel-palaestina-taeglicher-tod","status":"publish","type":"post","link":"https:\/\/leukefeld.net\/?p=1858","title":{"rendered":"Israel &#8211; Pal\u00e4stina &#8211; T\u00e4glicher Tod"},"content":{"rendered":"<div class=\"articleHead\">\n<div class=\"clearBoth\">Zum dritten Mal im Januar hat sich der UN-Sicherheitsrat am Freitag (27.01.2023) mit der \u201e<a href=\"https:\/\/www.securitycouncilreport.org\/whatsinblue\/2023\/01\/the-middle-east-including-the-palestinian-question-closed-consultations-2.php?utm_medium=email&amp;utm_campaign=27%20January%202023%20Campaign%201&amp;utm_content=27%20January%202023%20Campaign%201+CID_f23e2a6e632648741cbaab4b43ef007b&amp;utm_source=Email%20Newsletter&amp;utm_term=The%20Middle%20East%20including%20the%20Palestinian%20Question%20Closed%20Consultations\">Lage im Mittleren Osten, einschlie\u00dflich der Pal\u00e4stinensischen Frage<\/a>\u201c, befasst. Das Treffen fand hinter verschlossenen T\u00fcren statt. Beantragt worden war die Diskussion von den Sicherheitsratsmitgliedern China, Frankreich und den Vereinigten Arabischen Emiraten (VAE). Berichterstatter war der Sonderkoordinator f\u00fcr den Friedensprozess im Mittleren Osten, der norwegische Diplomat Tor Wennesland.<\/div>\n<div class=\"clearBoth\">Thema war das \u201eMassaker in Jenin\u201c, die \u201et\u00f6dlichste israelische Razzia in dem Lager Jenin seit zwei Jahrzehnten\u201c, wie u.a. die britische BBC und der libanesische Nachrichtensender Al Mayadeen berichteten. Bei dem milit\u00e4rischen Einsatz der israelischen Armee in dem Fl\u00fcchtlingslager am 26. Januar waren 9 Personen get\u00f6tet und mehr als 20 Menschen zum Teil lebensgef\u00e4hrlich verletzt worden.<\/div>\n<\/div>\n<div><\/div>\n<div>Der Artikel erschien in den Nachdenkseiten am 30.01.2023 und kann hier nachgelesen werden: <a href=\"https:\/\/www.nachdenkseiten.de\/?p=93165\">https:\/\/www.nachdenkseiten.de\/?p=93165<\/a><\/div>\n","protected":false},"excerpt":{"rendered":"<p>Zum dritten Mal im Januar hat sich der UN-Sicherheitsrat am Freitag (27.01.2023) mit der \u201eLage im Mittleren Osten, einschlie\u00dflich der Pal\u00e4stinensischen Frage\u201c, befasst. Das Treffen fand hinter verschlossenen T\u00fcren statt. Beantragt worden war die Diskussion von den Sicherheitsratsmitgliedern China, Frankreich &hellip; <a href=\"https:\/\/leukefeld.net\/?p=1858\">Weiterlesen <span class=\"meta-nav\">&rarr;<\/span><\/a><\/p>\n","protected":false},"author":2,"featured_media":0,"comment_status":"closed","ping_status":"closed","sticky":false,"template":"","format":"standard","meta":{"footnotes":""},"categories":[6],"tags":[],"class_list":["post-1858","post","type-post","status-publish","format-standard","hentry","category-reportagen-interviews-deutsch"],"_links":{"self":[{"href":"https:\/\/leukefeld.net\/index.php?rest_route=\/wp\/v2\/posts\/1858","targetHints":{"allow":["GET"]}}],"collection":[{"href":"https:\/\/leukefeld.net\/index.php?rest_route=\/wp\/v2\/posts"}],"about":[{"href":"https:\/\/leukefeld.net\/index.php?rest_route=\/wp\/v2\/types\/post"}],"author":[{"embeddable":true,"href":"https:\/\/leukefeld.net\/index.php?rest_route=\/wp\/v2\/users\/2"}],"replies":[{"embeddable":true,"href":"https:\/\/leukefeld.net\/index.php?rest_route=%2Fwp%2Fv2%2Fcomments&post=1858"}],"version-history":[{"count":1,"href":"https:\/\/leukefeld.net\/index.php?rest_route=\/wp\/v2\/posts\/1858\/revisions"}],"predecessor-version":[{"id":1859,"href":"https:\/\/leukefeld.net\/index.php?rest_route=\/wp\/v2\/posts\/1858\/revisions\/1859"}],"wp:attachment":[{"href":"https:\/\/leukefeld.net\/index.php?rest_route=%2Fwp%2Fv2%2Fmedia&parent=1858"}],"wp:term":[{"taxonomy":"category","embeddable":true,"href":"https:\/\/leukefeld.net\/index.php?rest_route=%2Fwp%2Fv2%2Fcategories&post=1858"},{"taxonomy":"post_tag","embeddable":true,"href":"https:\/\/leukefeld.net\/index.php?rest_route=%2Fwp%2Fv2%2Ftags&post=1858"}],"curies":[{"name":"wp","href":"https:\/\/api.w.org\/{rel}","templated":true}]}}