{"id":1847,"date":"2023-01-18T16:57:06","date_gmt":"2023-01-18T15:57:06","guid":{"rendered":"https:\/\/leukefeld.net\/?p=1847"},"modified":"2023-01-26T19:17:16","modified_gmt":"2023-01-26T18:17:16","slug":"beirut-macht-zu","status":"publish","type":"post","link":"https:\/\/leukefeld.net\/?p=1847","title":{"rendered":"Beirut macht zu"},"content":{"rendered":"<p>Es gibt kaum Strom im Libanon, also liegen weite Teile des Landes h\u00e4ufig im Dunkel. Das \u00d6l, das f\u00fcr die Stromerzeugung gebraucht wird, schaukelt auf Tankern vor der libanesischen K\u00fcste. Die Regierung streitet derweil dar\u00fcber, wer autorisiert ist, Geld der Zentralbank freizugeben, um die \u00d6llieferanten zu bezahlen. Die Summe addiert sich t\u00e4glich um Strafgeb\u00fchren von rund 25.000 US-Dollar, die der Zedernstaat daf\u00fcr bezahlen mu\u00df, da\u00df das \u00d6l von den Tankschiffen nicht abgepumpt werden kann.<\/p>\n<p>Der Bericht aus dem Libanon erschien am 18.01.2023 in der <em>Zeitung vum Laetzebuerger Vollek<\/em> (Luxemburg):<a href=\"https:\/\/leukefeld.net\/wp-content\/uploads\/2023\/01\/230118_zlv_Beirut_macht_zu-1.pdf\">230118_zlv_Beirut_macht_zu<\/a><\/p>\n<p>In Deutschland ist der Text bei Hintergrund.de zu lesen: <a href=\"https:\/\/www.hintergrund.de\/politik\/welt\/beirut-schliesst-die-pforten\/\">https:\/\/www.hintergrund.de\/politik\/welt\/beirut-schliesst-die-pforten\/<\/a><\/p>\n<p>&nbsp;<\/p>\n","protected":false},"excerpt":{"rendered":"<p>Es gibt kaum Strom im Libanon, also liegen weite Teile des Landes h\u00e4ufig im Dunkel. Das \u00d6l, das f\u00fcr die Stromerzeugung gebraucht wird, schaukelt auf Tankern vor der libanesischen K\u00fcste. Die Regierung streitet derweil dar\u00fcber, wer autorisiert ist, Geld der &hellip; <a href=\"https:\/\/leukefeld.net\/?p=1847\">Weiterlesen <span class=\"meta-nav\">&rarr;<\/span><\/a><\/p>\n","protected":false},"author":2,"featured_media":0,"comment_status":"closed","ping_status":"closed","sticky":false,"template":"","format":"standard","meta":{"footnotes":""},"categories":[6],"tags":[],"class_list":["post-1847","post","type-post","status-publish","format-standard","hentry","category-reportagen-interviews-deutsch"],"_links":{"self":[{"href":"https:\/\/leukefeld.net\/index.php?rest_route=\/wp\/v2\/posts\/1847","targetHints":{"allow":["GET"]}}],"collection":[{"href":"https:\/\/leukefeld.net\/index.php?rest_route=\/wp\/v2\/posts"}],"about":[{"href":"https:\/\/leukefeld.net\/index.php?rest_route=\/wp\/v2\/types\/post"}],"author":[{"embeddable":true,"href":"https:\/\/leukefeld.net\/index.php?rest_route=\/wp\/v2\/users\/2"}],"replies":[{"embeddable":true,"href":"https:\/\/leukefeld.net\/index.php?rest_route=%2Fwp%2Fv2%2Fcomments&post=1847"}],"version-history":[{"count":2,"href":"https:\/\/leukefeld.net\/index.php?rest_route=\/wp\/v2\/posts\/1847\/revisions"}],"predecessor-version":[{"id":1852,"href":"https:\/\/leukefeld.net\/index.php?rest_route=\/wp\/v2\/posts\/1847\/revisions\/1852"}],"wp:attachment":[{"href":"https:\/\/leukefeld.net\/index.php?rest_route=%2Fwp%2Fv2%2Fmedia&parent=1847"}],"wp:term":[{"taxonomy":"category","embeddable":true,"href":"https:\/\/leukefeld.net\/index.php?rest_route=%2Fwp%2Fv2%2Fcategories&post=1847"},{"taxonomy":"post_tag","embeddable":true,"href":"https:\/\/leukefeld.net\/index.php?rest_route=%2Fwp%2Fv2%2Ftags&post=1847"}],"curies":[{"name":"wp","href":"https:\/\/api.w.org\/{rel}","templated":true}]}}