{"id":1837,"date":"2022-12-31T20:47:09","date_gmt":"2022-12-31T19:47:09","guid":{"rendered":"https:\/\/leukefeld.net\/?p=1837"},"modified":"2023-01-06T20:59:02","modified_gmt":"2023-01-06T19:59:02","slug":"politischer-stillstand-militaerische-instabilitaet","status":"publish","type":"post","link":"https:\/\/leukefeld.net\/?p=1837","title":{"rendered":"Politischer Stillstand, milit\u00e4rische Instabilit\u00e4t"},"content":{"rendered":"<p>Die wirtschaftliche und soziale Lage in Syrien versch\u00e4rft sich. Das zur\u00fcckliegende Jahr<br \/>\n2022 hat die politische, wirtschaftliche und soziale Situation in Syrien weiter versch\u00e4rft. Milit\u00e4rische Aktivit\u00e4ten sind weitgehend auf Gebiete Syriens begrenzt, die nicht oder nicht vollst\u00e4ndig unter der Kontrolle der syrischen Regierung stehen. Aufgrund des Krieges in der Ukraine und der Konfrontation des von den USA gef\u00fchrten westlichen Blocks von EU und Verb\u00fcndeten gegen Ru\u00dfland, Iran und China, hat sich die mediale und diplomatische Isolation Syriens im westlichen Block versch\u00e4rft.<br \/>\nSyrien vertieft derweil die politischen, wirtschaftlichen und kulturellen Beziehungen mit Ru\u00dfland, dem Iran und China. Eine von Ru\u00dfland wiederholt vorgeschlagene Wiederann\u00e4herung zwischen der T\u00fcrkei und Syrien fand im<br \/>\nLaufe des Jahres 2022 auf Ebene der nationalen Geheimdienste statt. Ende Dezember trafen sich die Verteidigungsminister beider L\u00e4nder auf Einladung Ru\u00dflands in Moskau. F\u00fcr Ende Februar 2023 ist ein Treffen der Au\u00dfenminister der T\u00fcrkei und Syriens in Ankara geplant.<\/p>\n<p>Der Artikel erschien in Kurzfassung in der Berliner Tageszeitung junge Welt: <a href=\"https:\/\/www.jungewelt.de\/artikel\/441637.zwischen-euphrat-und-tigris-verfall-eines-landes.html\">https:\/\/www.jungewelt.de\/artikel\/441637.zwischen-euphrat-und-tigris-verfall-eines-landes.html<\/a> sowie in Langfassung in der Zeitung des Laetzebuerger Vollek (Luxemburg): <a href=\"https:\/\/leukefeld.net\/wp-content\/uploads\/2023\/01\/zlv_221231_Politischer-Stillstand-militaerische-Instabilitaet.pdf\">zlv_221231_Politischer Stillstand, milit\u00e4rische Instabilit\u00e4t<\/a><\/p>\n","protected":false},"excerpt":{"rendered":"<p>Die wirtschaftliche und soziale Lage in Syrien versch\u00e4rft sich. Das zur\u00fcckliegende Jahr 2022 hat die politische, wirtschaftliche und soziale Situation in Syrien weiter versch\u00e4rft. Milit\u00e4rische Aktivit\u00e4ten sind weitgehend auf Gebiete Syriens begrenzt, die nicht oder nicht vollst\u00e4ndig unter der Kontrolle &hellip; <a href=\"https:\/\/leukefeld.net\/?p=1837\">Weiterlesen <span class=\"meta-nav\">&rarr;<\/span><\/a><\/p>\n","protected":false},"author":2,"featured_media":0,"comment_status":"closed","ping_status":"closed","sticky":false,"template":"","format":"standard","meta":{"footnotes":""},"categories":[6],"tags":[],"class_list":["post-1837","post","type-post","status-publish","format-standard","hentry","category-reportagen-interviews-deutsch"],"_links":{"self":[{"href":"https:\/\/leukefeld.net\/index.php?rest_route=\/wp\/v2\/posts\/1837","targetHints":{"allow":["GET"]}}],"collection":[{"href":"https:\/\/leukefeld.net\/index.php?rest_route=\/wp\/v2\/posts"}],"about":[{"href":"https:\/\/leukefeld.net\/index.php?rest_route=\/wp\/v2\/types\/post"}],"author":[{"embeddable":true,"href":"https:\/\/leukefeld.net\/index.php?rest_route=\/wp\/v2\/users\/2"}],"replies":[{"embeddable":true,"href":"https:\/\/leukefeld.net\/index.php?rest_route=%2Fwp%2Fv2%2Fcomments&post=1837"}],"version-history":[{"count":2,"href":"https:\/\/leukefeld.net\/index.php?rest_route=\/wp\/v2\/posts\/1837\/revisions"}],"predecessor-version":[{"id":1842,"href":"https:\/\/leukefeld.net\/index.php?rest_route=\/wp\/v2\/posts\/1837\/revisions\/1842"}],"wp:attachment":[{"href":"https:\/\/leukefeld.net\/index.php?rest_route=%2Fwp%2Fv2%2Fmedia&parent=1837"}],"wp:term":[{"taxonomy":"category","embeddable":true,"href":"https:\/\/leukefeld.net\/index.php?rest_route=%2Fwp%2Fv2%2Fcategories&post=1837"},{"taxonomy":"post_tag","embeddable":true,"href":"https:\/\/leukefeld.net\/index.php?rest_route=%2Fwp%2Fv2%2Ftags&post=1837"}],"curies":[{"name":"wp","href":"https:\/\/api.w.org\/{rel}","templated":true}]}}