{"id":1830,"date":"2022-12-21T12:23:40","date_gmt":"2022-12-21T11:23:40","guid":{"rendered":"https:\/\/leukefeld.net\/?p=1830"},"modified":"2022-12-25T12:24:09","modified_gmt":"2022-12-25T11:24:09","slug":"brandherde-im-nahen-osten","status":"publish","type":"post","link":"https:\/\/leukefeld.net\/?p=1830","title":{"rendered":"Brandherde im Nahen Osten"},"content":{"rendered":"<p>Im Gespr\u00e4ch mit Sabine Kebir von <em>Weltnetz TV<\/em> geht es um Krisen und Kriege im Nahen und Mittleren Osten und darum, wie sich die anhaltenden Spannungen politisch, wirtschaftlich und sozial auf die Menschen in der Region auswirken. Es geht um die Verschiebungen in den geopolitischen B\u00fcndnissystemen und um das interessensgeleitete Vorgehen des politischen Westens um die USA in der Region. Der Iran wendet sich &#8211; wie viele der drangsalierten Staaten in der Region &#8211; vom Westen ab und Russland und China zu. Untersucht werden die Gr\u00fcnde, weshalb sogar die Golfstaaten, einschlie\u00dflich Saudi Arabiens ihre ausschlie\u00dfliche Bindung an die USA beenden und sich ebenfalls in Richtung Russland und China orientieren \u2013 eine Wiederbelebung der alten Seidenstra\u00dfe auch in dieser Region.<\/p>\n<p>Das Gespr\u00e4ch mit <em>Weltnetz TV<\/em> ist mit 1:24 Stunde sehr lang und kann hier angeh\u00f6rt werden: <a href=\"https:\/\/youtu.be\/SR58tyPXBak\">https:\/\/youtu.be\/SR58tyPXBak<\/a><\/p>\n","protected":false},"excerpt":{"rendered":"<p>Im Gespr\u00e4ch mit Sabine Kebir von Weltnetz TV geht es um Krisen und Kriege im Nahen und Mittleren Osten und darum, wie sich die anhaltenden Spannungen politisch, wirtschaftlich und sozial auf die Menschen in der Region auswirken. Es geht um &hellip; <a href=\"https:\/\/leukefeld.net\/?p=1830\">Weiterlesen <span class=\"meta-nav\">&rarr;<\/span><\/a><\/p>\n","protected":false},"author":2,"featured_media":0,"comment_status":"closed","ping_status":"closed","sticky":false,"template":"","format":"standard","meta":{"footnotes":""},"categories":[5,6],"tags":[],"class_list":["post-1830","post","type-post","status-publish","format-standard","hentry","category-radio-features-deutsch","category-reportagen-interviews-deutsch"],"_links":{"self":[{"href":"https:\/\/leukefeld.net\/index.php?rest_route=\/wp\/v2\/posts\/1830","targetHints":{"allow":["GET"]}}],"collection":[{"href":"https:\/\/leukefeld.net\/index.php?rest_route=\/wp\/v2\/posts"}],"about":[{"href":"https:\/\/leukefeld.net\/index.php?rest_route=\/wp\/v2\/types\/post"}],"author":[{"embeddable":true,"href":"https:\/\/leukefeld.net\/index.php?rest_route=\/wp\/v2\/users\/2"}],"replies":[{"embeddable":true,"href":"https:\/\/leukefeld.net\/index.php?rest_route=%2Fwp%2Fv2%2Fcomments&post=1830"}],"version-history":[{"count":1,"href":"https:\/\/leukefeld.net\/index.php?rest_route=\/wp\/v2\/posts\/1830\/revisions"}],"predecessor-version":[{"id":1831,"href":"https:\/\/leukefeld.net\/index.php?rest_route=\/wp\/v2\/posts\/1830\/revisions\/1831"}],"wp:attachment":[{"href":"https:\/\/leukefeld.net\/index.php?rest_route=%2Fwp%2Fv2%2Fmedia&parent=1830"}],"wp:term":[{"taxonomy":"category","embeddable":true,"href":"https:\/\/leukefeld.net\/index.php?rest_route=%2Fwp%2Fv2%2Fcategories&post=1830"},{"taxonomy":"post_tag","embeddable":true,"href":"https:\/\/leukefeld.net\/index.php?rest_route=%2Fwp%2Fv2%2Ftags&post=1830"}],"curies":[{"name":"wp","href":"https:\/\/api.w.org\/{rel}","templated":true}]}}