{"id":1695,"date":"2022-08-12T12:41:55","date_gmt":"2022-08-12T11:41:55","guid":{"rendered":"https:\/\/leukefeld.net\/?p=1695"},"modified":"2022-08-12T12:45:05","modified_gmt":"2022-08-12T11:45:05","slug":"baerbocks-180-grad-wende-in-der-deutschen-aussenpolitik","status":"publish","type":"post","link":"https:\/\/leukefeld.net\/?p=1695","title":{"rendered":"Baerbocks 180-Grad-Wende in der deutschen Au\u00dfenpolitik"},"content":{"rendered":"<div class=\"articleHead\">\n<div class=\"clearBoth\">Die deutsche Au\u00dfenministerin Annalena Baerbock hat Anfang August an der New School in New York eine \u201eGrundsatzrede\u201c zu den transatlantischen Beziehungen gehalten. Dabei erinnerte sie an die Philosophin Hannah Arendt, die an eben jener Universit\u00e4t gelehrt und auch \u00fcber das \u201eDenken ohne Gel\u00e4nder\u201c gesprochen habe.<\/div>\n<div><\/div>\n<div class=\"clearBoth\">Das werde heute gebraucht, sagte Baerbock: \u201eWir m\u00fcssen frische Ideen entwickeln.\u201c Die \u201efrischen Ideen\u201c, die die deutsche Au\u00dfenministerin in ihrer \u201eGrundsatzrede\u201c entwickelte, waren nicht weniger als eine 180-Grad-Kehrtwendung deutscher Au\u00dfenpolitik. Die deutsche Au\u00dfenpolitik war seit dem Ende des 2. Weltkrieges auf die Ann\u00e4herung an die Nachbarstaaten und eine Vers\u00f6hnung mit Osteuropa, vor allem mit Russland, gerichtet.<\/div>\n<div><\/div>\n<div class=\"clearBoth\">Baerbock instrumentalisierte nun die Denkleistung von Hannah Arendt f\u00fcr die umstrittene \u201eZeitenwende\u201c der Bundesregierung. \u201eDenken ohne Gel\u00e4nder\u201c bedeute f\u00fcr sie und die Bundesregierung, ein Sonderverm\u00f6gen von 100 Milliarden Euro aufgelegt zu haben, um die Bundeswehr zu st\u00e4rken, sagte Baerbock. Grunds\u00e4tze, die in Deutschland existiert h\u00e4tten, w\u00fcrden revidiert.<\/div>\n<\/div>\n<div><\/div>\n<div>Bitte weiterlesen bei den Nachdenkseiten: <a href=\"https:\/\/www.nachdenkseiten.de\/?p=86846\">https:\/\/www.nachdenkseiten.de\/?p=86846<\/a><\/div>\n","protected":false},"excerpt":{"rendered":"<p>Die deutsche Au\u00dfenministerin Annalena Baerbock hat Anfang August an der New School in New York eine \u201eGrundsatzrede\u201c zu den transatlantischen Beziehungen gehalten. Dabei erinnerte sie an die Philosophin Hannah Arendt, die an eben jener Universit\u00e4t gelehrt und auch \u00fcber das &hellip; <a href=\"https:\/\/leukefeld.net\/?p=1695\">Weiterlesen <span class=\"meta-nav\">&rarr;<\/span><\/a><\/p>\n","protected":false},"author":2,"featured_media":0,"comment_status":"closed","ping_status":"closed","sticky":false,"template":"","format":"standard","meta":{"footnotes":""},"categories":[6],"tags":[],"class_list":["post-1695","post","type-post","status-publish","format-standard","hentry","category-reportagen-interviews-deutsch"],"_links":{"self":[{"href":"https:\/\/leukefeld.net\/index.php?rest_route=\/wp\/v2\/posts\/1695","targetHints":{"allow":["GET"]}}],"collection":[{"href":"https:\/\/leukefeld.net\/index.php?rest_route=\/wp\/v2\/posts"}],"about":[{"href":"https:\/\/leukefeld.net\/index.php?rest_route=\/wp\/v2\/types\/post"}],"author":[{"embeddable":true,"href":"https:\/\/leukefeld.net\/index.php?rest_route=\/wp\/v2\/users\/2"}],"replies":[{"embeddable":true,"href":"https:\/\/leukefeld.net\/index.php?rest_route=%2Fwp%2Fv2%2Fcomments&post=1695"}],"version-history":[{"count":5,"href":"https:\/\/leukefeld.net\/index.php?rest_route=\/wp\/v2\/posts\/1695\/revisions"}],"predecessor-version":[{"id":1704,"href":"https:\/\/leukefeld.net\/index.php?rest_route=\/wp\/v2\/posts\/1695\/revisions\/1704"}],"wp:attachment":[{"href":"https:\/\/leukefeld.net\/index.php?rest_route=%2Fwp%2Fv2%2Fmedia&parent=1695"}],"wp:term":[{"taxonomy":"category","embeddable":true,"href":"https:\/\/leukefeld.net\/index.php?rest_route=%2Fwp%2Fv2%2Fcategories&post=1695"},{"taxonomy":"post_tag","embeddable":true,"href":"https:\/\/leukefeld.net\/index.php?rest_route=%2Fwp%2Fv2%2Ftags&post=1695"}],"curies":[{"name":"wp","href":"https:\/\/api.w.org\/{rel}","templated":true}]}}