{"id":1691,"date":"2022-08-06T07:31:01","date_gmt":"2022-08-06T06:31:01","guid":{"rendered":"https:\/\/leukefeld.net\/?p=1691"},"modified":"2022-08-09T07:33:19","modified_gmt":"2022-08-09T06:33:19","slug":"unruhe-im-irak-ein-gespraech-mit-der-zeitschrift-international-wien","status":"publish","type":"post","link":"https:\/\/leukefeld.net\/?p=1691","title":{"rendered":"Unruhe im Irak &#8211; Ein Gespr\u00e4ch mit der Zeitschrift INTERNATIONAL, Wien"},"content":{"rendered":"<p>Fast 20 Jahre nach dem v\u00f6lkerrechtswidrigen Angriff der US-gef\u00fchrten &#8222;Koalition der Willigen&#8220; im M\u00e4rz 2003 ist der Irak weit entfernt von innerer Stabilit\u00e4t und einer zufriedenstellenden wirtschaftlichen Situation. Die verschiedenen irakischen Gruppen und Parteien sind uneins, teilweise in offener Feindschaft, die permanenten Einmischungen in die inneren Verh\u00e4ltnisse durch regionale aber auch globale M\u00e4chte machen das \u00f6lreiche und somit potentiell reiche Land zu einem schwachen Staat.<\/p>\n<p>Ein Gespr\u00e4ch mit Fritz Edlinger von INTERNATIONAL, Zeitschrift f\u00fcr Internationale Politik:\u00a0<a href=\"https:\/\/www.youtube.com\/watch?v=Y6RFE5QINvY\">https:\/\/www.youtube.com\/watch?v=Y6RFE5QINvY<\/a><\/p>\n","protected":false},"excerpt":{"rendered":"<p>Fast 20 Jahre nach dem v\u00f6lkerrechtswidrigen Angriff der US-gef\u00fchrten &#8222;Koalition der Willigen&#8220; im M\u00e4rz 2003 ist der Irak weit entfernt von innerer Stabilit\u00e4t und einer zufriedenstellenden wirtschaftlichen Situation. Die verschiedenen irakischen Gruppen und Parteien sind uneins, teilweise in offener Feindschaft, &hellip; <a href=\"https:\/\/leukefeld.net\/?p=1691\">Weiterlesen <span class=\"meta-nav\">&rarr;<\/span><\/a><\/p>\n","protected":false},"author":2,"featured_media":0,"comment_status":"closed","ping_status":"closed","sticky":false,"template":"","format":"standard","meta":{"footnotes":""},"categories":[5,6],"tags":[],"class_list":["post-1691","post","type-post","status-publish","format-standard","hentry","category-radio-features-deutsch","category-reportagen-interviews-deutsch"],"_links":{"self":[{"href":"https:\/\/leukefeld.net\/index.php?rest_route=\/wp\/v2\/posts\/1691","targetHints":{"allow":["GET"]}}],"collection":[{"href":"https:\/\/leukefeld.net\/index.php?rest_route=\/wp\/v2\/posts"}],"about":[{"href":"https:\/\/leukefeld.net\/index.php?rest_route=\/wp\/v2\/types\/post"}],"author":[{"embeddable":true,"href":"https:\/\/leukefeld.net\/index.php?rest_route=\/wp\/v2\/users\/2"}],"replies":[{"embeddable":true,"href":"https:\/\/leukefeld.net\/index.php?rest_route=%2Fwp%2Fv2%2Fcomments&post=1691"}],"version-history":[{"count":3,"href":"https:\/\/leukefeld.net\/index.php?rest_route=\/wp\/v2\/posts\/1691\/revisions"}],"predecessor-version":[{"id":1694,"href":"https:\/\/leukefeld.net\/index.php?rest_route=\/wp\/v2\/posts\/1691\/revisions\/1694"}],"wp:attachment":[{"href":"https:\/\/leukefeld.net\/index.php?rest_route=%2Fwp%2Fv2%2Fmedia&parent=1691"}],"wp:term":[{"taxonomy":"category","embeddable":true,"href":"https:\/\/leukefeld.net\/index.php?rest_route=%2Fwp%2Fv2%2Fcategories&post=1691"},{"taxonomy":"post_tag","embeddable":true,"href":"https:\/\/leukefeld.net\/index.php?rest_route=%2Fwp%2Fv2%2Ftags&post=1691"}],"curies":[{"name":"wp","href":"https:\/\/api.w.org\/{rel}","templated":true}]}}