{"id":1646,"date":"2022-05-19T12:50:31","date_gmt":"2022-05-19T11:50:31","guid":{"rendered":"https:\/\/leukefeld.net\/?p=1646"},"modified":"2022-05-20T13:23:57","modified_gmt":"2022-05-20T12:23:57","slug":"zum-tod-von-shireen-abu-akleh","status":"publish","type":"post","link":"https:\/\/leukefeld.net\/?p=1646","title":{"rendered":"Zum Tod von Shireen Abu Akleh"},"content":{"rendered":"<p><img loading=\"lazy\" decoding=\"async\" class=\"alignnone size-full wp-image-1651\" src=\"https:\/\/leukefeld.net\/wp-content\/uploads\/2022\/05\/Shireen-Abu-Akleh-Bildrechte-unbekannt.jpg\" alt=\"\" width=\"960\" height=\"588\" srcset=\"https:\/\/leukefeld.net\/wp-content\/uploads\/2022\/05\/Shireen-Abu-Akleh-Bildrechte-unbekannt.jpg 960w, https:\/\/leukefeld.net\/wp-content\/uploads\/2022\/05\/Shireen-Abu-Akleh-Bildrechte-unbekannt-200x123.jpg 200w, https:\/\/leukefeld.net\/wp-content\/uploads\/2022\/05\/Shireen-Abu-Akleh-Bildrechte-unbekannt-600x368.jpg 600w, https:\/\/leukefeld.net\/wp-content\/uploads\/2022\/05\/Shireen-Abu-Akleh-Bildrechte-unbekannt-768x470.jpg 768w, https:\/\/leukefeld.net\/wp-content\/uploads\/2022\/05\/Shireen-Abu-Akleh-Bildrechte-unbekannt-490x300.jpg 490w\" sizes=\"auto, (max-width: 960px) 100vw, 960px\" \/><\/p>\n<p>In den fr\u00fchen Morgenstunden des 11. Mai 2022 wurde die pal\u00e4stinensische Journalistin Shireen Abu Akleh ermordet. Der Fernsehsender Al Jazeera, f\u00fcr den die Kollegin seit 1997 aus den besetzten pal\u00e4stinensischen Gebieten berichtet hatte, nutzte alle Kan\u00e4le und das Internet, um \u00fcber die ungeheuerliche Tat zu informieren.<\/p>\n<p>Shireen Abu Akleh hatte an dem Morgen \u00fcber eine Razzia der israelischen Streitkr\u00e4fte im Fl\u00fcchtlingslager Jenin im Westjordanland, der Westbank, berichten wollen. \u201eDas Wespennest\u201c nennen die israelischen Streitkr\u00e4fte das Fl\u00fcchtlingslager, in dem 11.000 Menschen auf einem Quadratkilometer zusammengepfercht sind. 65 Prozent der Bev\u00f6lkerung sind j\u00fcnger als 24 Jahre. Niemand dieser Generation hat jemals in einem freien Land, einem freien Staat gelebt. Jung und Alt kennen nur Leid, Tod und Elend unter israelischer Besatzung.<\/p>\n<p>Der Artikel erschien auf den Nachdenkseiten am 19.05.2022:\u00a0<a href=\"https:\/\/www.nachdenkseiten.de\/?p=84038\">https:\/\/www.nachdenkseiten.de\/?p=84038<\/a><\/p>\n","protected":false},"excerpt":{"rendered":"<p>In den fr\u00fchen Morgenstunden des 11. Mai 2022 wurde die pal\u00e4stinensische Journalistin Shireen Abu Akleh ermordet. Der Fernsehsender Al Jazeera, f\u00fcr den die Kollegin seit 1997 aus den besetzten pal\u00e4stinensischen Gebieten berichtet hatte, nutzte alle Kan\u00e4le und das Internet, um &hellip; <a href=\"https:\/\/leukefeld.net\/?p=1646\">Weiterlesen <span class=\"meta-nav\">&rarr;<\/span><\/a><\/p>\n","protected":false},"author":2,"featured_media":0,"comment_status":"closed","ping_status":"closed","sticky":false,"template":"","format":"standard","meta":{"footnotes":""},"categories":[6],"tags":[],"class_list":["post-1646","post","type-post","status-publish","format-standard","hentry","category-reportagen-interviews-deutsch"],"_links":{"self":[{"href":"https:\/\/leukefeld.net\/index.php?rest_route=\/wp\/v2\/posts\/1646","targetHints":{"allow":["GET"]}}],"collection":[{"href":"https:\/\/leukefeld.net\/index.php?rest_route=\/wp\/v2\/posts"}],"about":[{"href":"https:\/\/leukefeld.net\/index.php?rest_route=\/wp\/v2\/types\/post"}],"author":[{"embeddable":true,"href":"https:\/\/leukefeld.net\/index.php?rest_route=\/wp\/v2\/users\/2"}],"replies":[{"embeddable":true,"href":"https:\/\/leukefeld.net\/index.php?rest_route=%2Fwp%2Fv2%2Fcomments&post=1646"}],"version-history":[{"count":3,"href":"https:\/\/leukefeld.net\/index.php?rest_route=\/wp\/v2\/posts\/1646\/revisions"}],"predecessor-version":[{"id":1652,"href":"https:\/\/leukefeld.net\/index.php?rest_route=\/wp\/v2\/posts\/1646\/revisions\/1652"}],"wp:attachment":[{"href":"https:\/\/leukefeld.net\/index.php?rest_route=%2Fwp%2Fv2%2Fmedia&parent=1646"}],"wp:term":[{"taxonomy":"category","embeddable":true,"href":"https:\/\/leukefeld.net\/index.php?rest_route=%2Fwp%2Fv2%2Fcategories&post=1646"},{"taxonomy":"post_tag","embeddable":true,"href":"https:\/\/leukefeld.net\/index.php?rest_route=%2Fwp%2Fv2%2Ftags&post=1646"}],"curies":[{"name":"wp","href":"https:\/\/api.w.org\/{rel}","templated":true}]}}