{"id":1625,"date":"2022-03-19T15:28:49","date_gmt":"2022-03-19T14:28:49","guid":{"rendered":"https:\/\/leukefeld.net\/?p=1625"},"modified":"2022-04-19T15:29:31","modified_gmt":"2022-04-19T14:29:31","slug":"wegweiser-in-zeiten-des-krieges","status":"publish","type":"post","link":"https:\/\/leukefeld.net\/?p=1625","title":{"rendered":"Wegweiser in Zeiten des Krieges"},"content":{"rendered":"<p>\u00abVon Reisen in die Russische F\u00f6deration wird abgeraten\u00bb, hei\u00dft es auf der Internetseite des Ausw\u00e4rtigen Amtes in Berlin. Die Schirmherrschaft der deutschen Au\u00dfenministerin Annalena Baerbock f\u00fcr das deutsch-russische Themenjahr \u00abWirtschaft und nachhaltige Entwicklung 2020\u20132022\u00bb ruht. Politisch, wirtschaftlich, kulturell \u2013 im Bereich von Sport, Bildung und Wissenschaften \u2013 werden die Beziehungen von USA und EU zu Russland gekappt. Selbst die Schweiz, die wegen ihrer Neutralit\u00e4t weltweit gesch\u00e4tzt wurde, hat gerade diese Neutralit\u00e4t mit der \u00dcbernahme der Sanktionen aufgegeben.<\/p>\n<p>Im Folgenden die schriftliche Fassung eines Vortrags am 19.03.2022 in Sirnach, Schweiz: <a href=\"https:\/\/www.zeit-fragen.ch\/archiv\/2022\/nr-8-5-april-2022\/wegweiser-in-zeiten-des-krieges.html\">https:\/\/www.zeit-fragen.ch\/archiv\/2022\/nr-8-5-april-2022\/wegweiser-in-zeiten-des-krieges.html<\/a><\/p>\n","protected":false},"excerpt":{"rendered":"<p>\u00abVon Reisen in die Russische F\u00f6deration wird abgeraten\u00bb, hei\u00dft es auf der Internetseite des Ausw\u00e4rtigen Amtes in Berlin. Die Schirmherrschaft der deutschen Au\u00dfenministerin Annalena Baerbock f\u00fcr das deutsch-russische Themenjahr \u00abWirtschaft und nachhaltige Entwicklung 2020\u20132022\u00bb ruht. Politisch, wirtschaftlich, kulturell \u2013 im &hellip; <a href=\"https:\/\/leukefeld.net\/?p=1625\">Weiterlesen <span class=\"meta-nav\">&rarr;<\/span><\/a><\/p>\n","protected":false},"author":2,"featured_media":0,"comment_status":"closed","ping_status":"closed","sticky":false,"template":"","format":"standard","meta":{"footnotes":""},"categories":[6],"tags":[],"class_list":["post-1625","post","type-post","status-publish","format-standard","hentry","category-reportagen-interviews-deutsch"],"_links":{"self":[{"href":"https:\/\/leukefeld.net\/index.php?rest_route=\/wp\/v2\/posts\/1625","targetHints":{"allow":["GET"]}}],"collection":[{"href":"https:\/\/leukefeld.net\/index.php?rest_route=\/wp\/v2\/posts"}],"about":[{"href":"https:\/\/leukefeld.net\/index.php?rest_route=\/wp\/v2\/types\/post"}],"author":[{"embeddable":true,"href":"https:\/\/leukefeld.net\/index.php?rest_route=\/wp\/v2\/users\/2"}],"replies":[{"embeddable":true,"href":"https:\/\/leukefeld.net\/index.php?rest_route=%2Fwp%2Fv2%2Fcomments&post=1625"}],"version-history":[{"count":2,"href":"https:\/\/leukefeld.net\/index.php?rest_route=\/wp\/v2\/posts\/1625\/revisions"}],"predecessor-version":[{"id":1627,"href":"https:\/\/leukefeld.net\/index.php?rest_route=\/wp\/v2\/posts\/1625\/revisions\/1627"}],"wp:attachment":[{"href":"https:\/\/leukefeld.net\/index.php?rest_route=%2Fwp%2Fv2%2Fmedia&parent=1625"}],"wp:term":[{"taxonomy":"category","embeddable":true,"href":"https:\/\/leukefeld.net\/index.php?rest_route=%2Fwp%2Fv2%2Fcategories&post=1625"},{"taxonomy":"post_tag","embeddable":true,"href":"https:\/\/leukefeld.net\/index.php?rest_route=%2Fwp%2Fv2%2Ftags&post=1625"}],"curies":[{"name":"wp","href":"https:\/\/api.w.org\/{rel}","templated":true}]}}