{"id":1617,"date":"2022-03-02T21:18:41","date_gmt":"2022-03-02T20:18:41","guid":{"rendered":"https:\/\/leukefeld.net\/?p=1617"},"modified":"2022-03-28T21:21:12","modified_gmt":"2022-03-28T20:21:12","slug":"getoeteter-is-anfuehrer-lebte-in-idlib-unter-tuerkischer-obhut","status":"publish","type":"post","link":"https:\/\/leukefeld.net\/?p=1617","title":{"rendered":"Get\u00f6teter IS-Anf\u00fchrer lebte in Idlib unter t\u00fcrkischer Obhut"},"content":{"rendered":"<p>F\u00fcr Weltnetz TV sprach Sabine Kebir mit Karin Leukefeld \u00fcber das Nachkriegsszenario in Syrien und die Lage im Libanon. Sie war im vergangenen Dezember und Januar in beiden L\u00e4ndern, wo die Bev\u00f6lkerung an Mangelern\u00e4hrung und Energieknappheit leidet. Das liegt nicht nur wie im Fall des Libanon am Zusammenbruch des Bankensystems und in Syrien an den Sanktionen des Westens. Hier wie dort verstehen es Spekulanten, sich die Not zunutze zu machen.<\/p>\n<p>Das Interview erschien bei Weltnetz TV am 02.03.2022 und kann hier gesehen werden:\u00a0<a href=\"https:\/\/youtu.be\/T50tpapaHgA\">https:\/\/youtu.be\/T50tpapaHgA<\/a><\/p>\n","protected":false},"excerpt":{"rendered":"<p>F\u00fcr Weltnetz TV sprach Sabine Kebir mit Karin Leukefeld \u00fcber das Nachkriegsszenario in Syrien und die Lage im Libanon. Sie war im vergangenen Dezember und Januar in beiden L\u00e4ndern, wo die Bev\u00f6lkerung an Mangelern\u00e4hrung und Energieknappheit leidet. Das liegt nicht &hellip; <a href=\"https:\/\/leukefeld.net\/?p=1617\">Weiterlesen <span class=\"meta-nav\">&rarr;<\/span><\/a><\/p>\n","protected":false},"author":2,"featured_media":0,"comment_status":"closed","ping_status":"closed","sticky":false,"template":"","format":"standard","meta":{"footnotes":""},"categories":[5,6],"tags":[],"class_list":["post-1617","post","type-post","status-publish","format-standard","hentry","category-radio-features-deutsch","category-reportagen-interviews-deutsch"],"_links":{"self":[{"href":"https:\/\/leukefeld.net\/index.php?rest_route=\/wp\/v2\/posts\/1617","targetHints":{"allow":["GET"]}}],"collection":[{"href":"https:\/\/leukefeld.net\/index.php?rest_route=\/wp\/v2\/posts"}],"about":[{"href":"https:\/\/leukefeld.net\/index.php?rest_route=\/wp\/v2\/types\/post"}],"author":[{"embeddable":true,"href":"https:\/\/leukefeld.net\/index.php?rest_route=\/wp\/v2\/users\/2"}],"replies":[{"embeddable":true,"href":"https:\/\/leukefeld.net\/index.php?rest_route=%2Fwp%2Fv2%2Fcomments&post=1617"}],"version-history":[{"count":1,"href":"https:\/\/leukefeld.net\/index.php?rest_route=\/wp\/v2\/posts\/1617\/revisions"}],"predecessor-version":[{"id":1618,"href":"https:\/\/leukefeld.net\/index.php?rest_route=\/wp\/v2\/posts\/1617\/revisions\/1618"}],"wp:attachment":[{"href":"https:\/\/leukefeld.net\/index.php?rest_route=%2Fwp%2Fv2%2Fmedia&parent=1617"}],"wp:term":[{"taxonomy":"category","embeddable":true,"href":"https:\/\/leukefeld.net\/index.php?rest_route=%2Fwp%2Fv2%2Fcategories&post=1617"},{"taxonomy":"post_tag","embeddable":true,"href":"https:\/\/leukefeld.net\/index.php?rest_route=%2Fwp%2Fv2%2Ftags&post=1617"}],"curies":[{"name":"wp","href":"https:\/\/api.w.org\/{rel}","templated":true}]}}