{"id":1598,"date":"2022-02-17T13:54:53","date_gmt":"2022-02-17T12:54:53","guid":{"rendered":"https:\/\/leukefeld.net\/?p=1598"},"modified":"2022-02-19T13:56:44","modified_gmt":"2022-02-19T12:56:44","slug":"freedomofspeech-warum-verfolgen-journalisten-andere-journalisten","status":"publish","type":"post","link":"https:\/\/leukefeld.net\/?p=1598","title":{"rendered":"#FreedomOfSpeech &#8211; Warum verfolgen Journalisten andere Journalisten?"},"content":{"rendered":"<p><strong>Wie eine mediale Diffamierungskampagne Existenzen zerst\u00f6rt.<\/strong> Die Deutsche Welle (DW) hat f\u00fcnf Mitarbeiter der arabischen Redaktion entlassen. Ihnen wird vorgeworfen, sich privat in \u201esozialen Medien\u201c \u201eanti-semitisch\u201c und \u201eisrael-feindlich\u201c ge\u00e4u\u00dfert zu haben. Die \u00c4u\u00dferungen liegen bis zu 10 Jahre zur\u00fcck und wurden teilweise vor Jahren gel\u00f6scht, doch der Reporter MB von der <a href=\"https:\/\/www.sueddeutsche.de\/medien\/deutsche-welle-antisemitismus-israel-1.5476895?reduced=true\">S\u00fcddeutschen Zeitung<\/a> fand Mittel und Wege, um die gel\u00f6schten Meinungen der arabischen Journalisten wieder herzustellen. Dann ver\u00f6ffentlichte MB in der S\u00fcddeutschen Zeitung am 30. November 2021 seinen Artikel \u201eEin Sender schaut weg\u201c, in dem die ausgew\u00e4hlten Journalisten angeklagt und diffamiert wurden. Der Deutschen Welle warf MB vor, nichts gegen die Journalisten unternommen zu haben. Andere Medien legten nach, der Stein gegen die Deutsche Welle und deren arabische Redaktion kam ins Rollen.<\/p>\n<p>Der Artikel erschien bei den Nachdenkseiten am 17. Februar 2022: <a href=\"https:\/\/www.nachdenkseiten.de\/?p=80947\">https:\/\/www.nachdenkseiten.de\/?p=80947<\/a><\/p>\n<p>PS: W\u00e4hrend der Text entstand wurden zwei weitere deutsch-pal\u00e4stinensische Mitarbeiter entlassen. Sie hatten 12 bzw. 17 Jahre f\u00fcr die Deutsche Welle gearbeitet.<\/p>\n","protected":false},"excerpt":{"rendered":"<p>Wie eine mediale Diffamierungskampagne Existenzen zerst\u00f6rt. Die Deutsche Welle (DW) hat f\u00fcnf Mitarbeiter der arabischen Redaktion entlassen. Ihnen wird vorgeworfen, sich privat in \u201esozialen Medien\u201c \u201eanti-semitisch\u201c und \u201eisrael-feindlich\u201c ge\u00e4u\u00dfert zu haben. Die \u00c4u\u00dferungen liegen bis zu 10 Jahre zur\u00fcck und &hellip; <a href=\"https:\/\/leukefeld.net\/?p=1598\">Weiterlesen <span class=\"meta-nav\">&rarr;<\/span><\/a><\/p>\n","protected":false},"author":2,"featured_media":0,"comment_status":"closed","ping_status":"closed","sticky":false,"template":"","format":"standard","meta":{"footnotes":""},"categories":[6],"tags":[],"class_list":["post-1598","post","type-post","status-publish","format-standard","hentry","category-reportagen-interviews-deutsch"],"_links":{"self":[{"href":"https:\/\/leukefeld.net\/index.php?rest_route=\/wp\/v2\/posts\/1598","targetHints":{"allow":["GET"]}}],"collection":[{"href":"https:\/\/leukefeld.net\/index.php?rest_route=\/wp\/v2\/posts"}],"about":[{"href":"https:\/\/leukefeld.net\/index.php?rest_route=\/wp\/v2\/types\/post"}],"author":[{"embeddable":true,"href":"https:\/\/leukefeld.net\/index.php?rest_route=\/wp\/v2\/users\/2"}],"replies":[{"embeddable":true,"href":"https:\/\/leukefeld.net\/index.php?rest_route=%2Fwp%2Fv2%2Fcomments&post=1598"}],"version-history":[{"count":4,"href":"https:\/\/leukefeld.net\/index.php?rest_route=\/wp\/v2\/posts\/1598\/revisions"}],"predecessor-version":[{"id":1602,"href":"https:\/\/leukefeld.net\/index.php?rest_route=\/wp\/v2\/posts\/1598\/revisions\/1602"}],"wp:attachment":[{"href":"https:\/\/leukefeld.net\/index.php?rest_route=%2Fwp%2Fv2%2Fmedia&parent=1598"}],"wp:term":[{"taxonomy":"category","embeddable":true,"href":"https:\/\/leukefeld.net\/index.php?rest_route=%2Fwp%2Fv2%2Fcategories&post=1598"},{"taxonomy":"post_tag","embeddable":true,"href":"https:\/\/leukefeld.net\/index.php?rest_route=%2Fwp%2Fv2%2Ftags&post=1598"}],"curies":[{"name":"wp","href":"https:\/\/api.w.org\/{rel}","templated":true}]}}