{"id":1579,"date":"2022-02-04T20:25:21","date_gmt":"2022-02-04T19:25:21","guid":{"rendered":"https:\/\/leukefeld.net\/?p=1579"},"modified":"2022-02-04T20:25:21","modified_gmt":"2022-02-04T19:25:21","slug":"syrer-koennen-aus-deutschland-zurueckkehren","status":"publish","type":"post","link":"https:\/\/leukefeld.net\/?p=1579","title":{"rendered":"Syrer k\u00f6nnen aus Deutschland zur\u00fcckkehren"},"content":{"rendered":"<div class=\"ArticleView-summary\">\n<div class=\"Text-root Text-type_1 \">Im Gespr\u00e4ch mit der Nahostkorrespondentin Karin Leukefeld bekr\u00e4ftigte der syrische Au\u00dfenminister den Willen seines Landes zu Frieden und Wiederaufbau. Auch die Kriegsfl\u00fcchtlinge seien &#8222;ohne Vorbedingungen&#8220; willkommen, in ihr Land zur\u00fcckzukehren.<\/div>\n<\/div>\n<div class=\"ArticleView-coverWrap\">\n<figure class=\"Cover-root\">\n<div class=\"Cover-image\"><picture class=\"Picture-root Picture-default\"><source srcset=\" https:\/\/cdni.rt.com\/deutsch\/images\/2022.02\/thumbnail\/61fc271248fbef635a2f0119.JPG 850w, https:\/\/cdni.rt.com\/deutsch\/images\/2022.02\/article\/61fc271248fbef635a2f0118.JPG 1960w, \" media=\"(-webkit-min-device-pixel-ratio: 2) and (min-resolution: 120dpi)\" sizes=\"726px\" data-srcset=\" https:\/\/cdni.rt.com\/deutsch\/images\/2022.02\/thumbnail\/61fc271248fbef635a2f0119.JPG 850w, https:\/\/cdni.rt.com\/deutsch\/images\/2022.02\/article\/61fc271248fbef635a2f0118.JPG 1960w, \" \/><source srcset=\" https:\/\/cdni.rt.com\/deutsch\/images\/2022.02\/thumbnail\/61fc271248fbef635a2f0119.JPG 460w, https:\/\/cdni.rt.com\/deutsch\/images\/2022.02\/article\/61fc271248fbef635a2f0118.JPG 980w, \" sizes=\"726px\" data-srcset=\" https:\/\/cdni.rt.com\/deutsch\/images\/2022.02\/thumbnail\/61fc271248fbef635a2f0119.JPG 460w, https:\/\/cdni.rt.com\/deutsch\/images\/2022.02\/article\/61fc271248fbef635a2f0118.JPG 980w, \" \/><img decoding=\"async\" class=\"Picture-root Picture-default lazyautosizes lazyloaded\" src=\"https:\/\/cdni.rt.com\/deutsch\/images\/2022.02\/thumbnail\/61fc271248fbef635a2f0119.JPG\" sizes=\"726px\" alt=\"Syriens Au\u00dfenminister im Interview: &quot;Syrer k\u00f6nnen aus Deutschland zur\u00fcckkehren&quot;\" data-sizes=\"auto\" data-src=\"https:\/\/cdni.rt.com\/deutsch\/images\/2022.02\/thumbnail\/61fc271248fbef635a2f0119.JPG\" \/><\/picture><\/div><figcaption class=\"Cover-footer\"><span class=\"Cover-caption\"><span class=\"Cover-captionItem\">Der syrische Au\u00dfenminister Feisal Mekdad im Gespr\u00e4ch mit der freien Journalistin Karin Leukefeld<\/span><\/span><\/figcaption><\/figure>\n<\/div>\n<div class=\"Text-root Text-type_5 ArticleView-text ViewText-root \">\n<p>Syrien arbeite daf\u00fcr mit internationalen humanit\u00e4ren Organisationen und L\u00e4ndern zusammen, in denen die Syrer Zuflucht gefunden hatten. Man w\u00fcnsche sich f\u00fcr die R\u00fcckkehr mehr internationale Unterst\u00fctzung, so Mekdad.<\/p>\n<p>Der Artikel \u00fcber das Interview erschien bei RT DE:\u00a0<a href=\"https:\/\/de.rt.com\/der-nahe-osten\/130995-syriens-aussenminister-im-interview-syrer-koennen-aus-deutschland-zurueckkehren\/\">https:\/\/de.rt.com\/der-nahe-osten\/130995-syriens-aussenminister-im-interview-syrer-koennen-aus-deutschland-zurueckkehren\/<\/a><\/p>\n<\/div>\n","protected":false},"excerpt":{"rendered":"<p>Im Gespr\u00e4ch mit der Nahostkorrespondentin Karin Leukefeld bekr\u00e4ftigte der syrische Au\u00dfenminister den Willen seines Landes zu Frieden und Wiederaufbau. Auch die Kriegsfl\u00fcchtlinge seien &#8222;ohne Vorbedingungen&#8220; willkommen, in ihr Land zur\u00fcckzukehren. Der syrische Au\u00dfenminister Feisal Mekdad im Gespr\u00e4ch mit der freien &hellip; <a href=\"https:\/\/leukefeld.net\/?p=1579\">Weiterlesen <span class=\"meta-nav\">&rarr;<\/span><\/a><\/p>\n","protected":false},"author":2,"featured_media":0,"comment_status":"closed","ping_status":"closed","sticky":false,"template":"","format":"standard","meta":{"footnotes":""},"categories":[6],"tags":[],"class_list":["post-1579","post","type-post","status-publish","format-standard","hentry","category-reportagen-interviews-deutsch"],"_links":{"self":[{"href":"https:\/\/leukefeld.net\/index.php?rest_route=\/wp\/v2\/posts\/1579","targetHints":{"allow":["GET"]}}],"collection":[{"href":"https:\/\/leukefeld.net\/index.php?rest_route=\/wp\/v2\/posts"}],"about":[{"href":"https:\/\/leukefeld.net\/index.php?rest_route=\/wp\/v2\/types\/post"}],"author":[{"embeddable":true,"href":"https:\/\/leukefeld.net\/index.php?rest_route=\/wp\/v2\/users\/2"}],"replies":[{"embeddable":true,"href":"https:\/\/leukefeld.net\/index.php?rest_route=%2Fwp%2Fv2%2Fcomments&post=1579"}],"version-history":[{"count":2,"href":"https:\/\/leukefeld.net\/index.php?rest_route=\/wp\/v2\/posts\/1579\/revisions"}],"predecessor-version":[{"id":1581,"href":"https:\/\/leukefeld.net\/index.php?rest_route=\/wp\/v2\/posts\/1579\/revisions\/1581"}],"wp:attachment":[{"href":"https:\/\/leukefeld.net\/index.php?rest_route=%2Fwp%2Fv2%2Fmedia&parent=1579"}],"wp:term":[{"taxonomy":"category","embeddable":true,"href":"https:\/\/leukefeld.net\/index.php?rest_route=%2Fwp%2Fv2%2Fcategories&post=1579"},{"taxonomy":"post_tag","embeddable":true,"href":"https:\/\/leukefeld.net\/index.php?rest_route=%2Fwp%2Fv2%2Ftags&post=1579"}],"curies":[{"name":"wp","href":"https:\/\/api.w.org\/{rel}","templated":true}]}}