{"id":1554,"date":"2021-11-11T10:57:53","date_gmt":"2021-11-11T09:57:53","guid":{"rendered":"https:\/\/leukefeld.net\/?p=1554"},"modified":"2021-11-17T12:02:47","modified_gmt":"2021-11-17T11:02:47","slug":"fluechtlinge-an-der-oestlichen-eu-aussengrenze","status":"publish","type":"post","link":"https:\/\/leukefeld.net\/?p=1554","title":{"rendered":"Fl\u00fcchtlinge an der \u00f6stlichen EU-Au\u00dfengrenze"},"content":{"rendered":"<p>An den \u00f6stlichen EU-Au\u00dfengrenzen stehen hunderte, wenn nicht tausende Fl\u00fcchtlinge aus dem Nahen Osten und Afghanistan. F\u00fcr Weltnetz TV sprach Sabine Kebir mit Karin Leukefeld \u00fcber die Gr\u00fcnde, weshalb diese Menschen nach Deutschland oder Skandinavien wollen und \u00fcber die Verantwortlichkeiten f\u00fcr diese Trag\u00f6die.\u00a0<a href=\"https:\/\/weltnetz.tv\/video\/2543-fluechtlinge-der-oestlichen-eu-aussengrenze\">https:\/\/weltnetz.tv\/video\/2543-fluechtlinge-der-oestlichen-eu-aussengrenze<\/a><\/p>\n","protected":false},"excerpt":{"rendered":"<p>An den \u00f6stlichen EU-Au\u00dfengrenzen stehen hunderte, wenn nicht tausende Fl\u00fcchtlinge aus dem Nahen Osten und Afghanistan. F\u00fcr Weltnetz TV sprach Sabine Kebir mit Karin Leukefeld \u00fcber die Gr\u00fcnde, weshalb diese Menschen nach Deutschland oder Skandinavien wollen und \u00fcber die Verantwortlichkeiten &hellip; <a href=\"https:\/\/leukefeld.net\/?p=1554\">Weiterlesen <span class=\"meta-nav\">&rarr;<\/span><\/a><\/p>\n","protected":false},"author":2,"featured_media":0,"comment_status":"closed","ping_status":"closed","sticky":false,"template":"","format":"standard","meta":{"footnotes":""},"categories":[5,6],"tags":[],"class_list":["post-1554","post","type-post","status-publish","format-standard","hentry","category-radio-features-deutsch","category-reportagen-interviews-deutsch"],"_links":{"self":[{"href":"https:\/\/leukefeld.net\/index.php?rest_route=\/wp\/v2\/posts\/1554","targetHints":{"allow":["GET"]}}],"collection":[{"href":"https:\/\/leukefeld.net\/index.php?rest_route=\/wp\/v2\/posts"}],"about":[{"href":"https:\/\/leukefeld.net\/index.php?rest_route=\/wp\/v2\/types\/post"}],"author":[{"embeddable":true,"href":"https:\/\/leukefeld.net\/index.php?rest_route=\/wp\/v2\/users\/2"}],"replies":[{"embeddable":true,"href":"https:\/\/leukefeld.net\/index.php?rest_route=%2Fwp%2Fv2%2Fcomments&post=1554"}],"version-history":[{"count":1,"href":"https:\/\/leukefeld.net\/index.php?rest_route=\/wp\/v2\/posts\/1554\/revisions"}],"predecessor-version":[{"id":1556,"href":"https:\/\/leukefeld.net\/index.php?rest_route=\/wp\/v2\/posts\/1554\/revisions\/1556"}],"wp:attachment":[{"href":"https:\/\/leukefeld.net\/index.php?rest_route=%2Fwp%2Fv2%2Fmedia&parent=1554"}],"wp:term":[{"taxonomy":"category","embeddable":true,"href":"https:\/\/leukefeld.net\/index.php?rest_route=%2Fwp%2Fv2%2Fcategories&post=1554"},{"taxonomy":"post_tag","embeddable":true,"href":"https:\/\/leukefeld.net\/index.php?rest_route=%2Fwp%2Fv2%2Ftags&post=1554"}],"curies":[{"name":"wp","href":"https:\/\/api.w.org\/{rel}","templated":true}]}}