{"id":1532,"date":"2021-10-26T14:30:07","date_gmt":"2021-10-26T13:30:07","guid":{"rendered":"https:\/\/leukefeld.net\/?p=1532"},"modified":"2021-10-29T14:31:37","modified_gmt":"2021-10-29T13:31:37","slug":"neue-eskalation-in-syrien-tuerkische-drohnen-bombardieren-umland-von-aleppo","status":"publish","type":"post","link":"https:\/\/leukefeld.net\/?p=1532","title":{"rendered":"Neue Eskalation in Syrien &#8211; T\u00fcrkische Drohnen bombardieren Umland von Aleppo"},"content":{"rendered":"<p>Am Montagmorgen hat eine vermutlich aus der T\u00fcrkei kommende Drohne den Ort Tall Rifaat n\u00f6rdlich von Aleppo bombardiert. Der t\u00fcrkische Pr\u00e4sident Erdo\u011fan hatte in der vergangenen Woche wiederholt damit gedroht, Tall Rifaat anzugreifen. Als Grund nannte er Angriffe der kurdisch gef\u00fchrten Syrischen Demokratischen Kr\u00e4fte auf t\u00fcrkische Truppen, die mit Dschihadisten Gebiete um Afrin nordwestlich von Aleppo besetzt halten.<\/p>\n<p><strong>Kein Fortschritt bei Genfer Syrien-Gespr\u00e4chen<\/strong><\/p>\n<p>Nach f\u00fcnft\u00e4gigen Beratungen in Genf zeigte sich der UN-Sonderbeauftragte f\u00fcr Syrien, Geir Pedersen, ern\u00fcchtert. Vor Pressevertretern am vergangenen Freitag sagte er, die Woche sei hektisch gewesen, letztlich aber &#8222;eine gro\u00dfe Entt\u00e4uschung&#8220;. Er und seine Stellvertreterin Khawla Mattar h\u00e4tten sich w\u00e4hrend der Woche wiederholt mit den beiden Co-Vorsitzenden des Gremiums, Ahmed al-Kuzbari f\u00fcr die Regierungsdelegation und Hadi al-Bahra f\u00fcr den oppositionellen Syrischen Nationalrat, getroffen, manchmal auch mehrmals am Tag. Die Diskussionen seien &#8222;ziemlich gesch\u00e4ftsm\u00e4\u00dfig, direkt und offen&#8220; gewesen. Dennoch habe es &#8222;kein richtiges Verst\u00e4ndnis&#8220; dar\u00fcber gegeben, wie der Prozess ablaufen solle, r\u00e4umte Pedersen ein. So k\u00f6nne es nicht weitergehen, sagte Pedersen. Zwischen den Parteien m\u00fcsse mehr Vertrauen und politischer Wille geschaffen werden. Ein Termin f\u00fcr eine siebte Gespr\u00e4chsrunde wurde nicht vereinbart.<\/p>\n<p>Der Artikel erschien bei RT Deutsch:\u00a0<a href=\"https:\/\/de.rt.com\/der-nahe-osten\/126162-neue-eskalation-in-syrien-turkische-drohnen-bombardieren-umland-aleppo\/\">https:\/\/de.rt.com\/der-nahe-osten\/126162-neue-eskalation-in-syrien-turkische-drohnen-bombardieren-umland-aleppo\/<\/a><\/p>\n","protected":false},"excerpt":{"rendered":"<p>Am Montagmorgen hat eine vermutlich aus der T\u00fcrkei kommende Drohne den Ort Tall Rifaat n\u00f6rdlich von Aleppo bombardiert. Der t\u00fcrkische Pr\u00e4sident Erdo\u011fan hatte in der vergangenen Woche wiederholt damit gedroht, Tall Rifaat anzugreifen. Als Grund nannte er Angriffe der kurdisch &hellip; <a href=\"https:\/\/leukefeld.net\/?p=1532\">Weiterlesen <span class=\"meta-nav\">&rarr;<\/span><\/a><\/p>\n","protected":false},"author":2,"featured_media":0,"comment_status":"closed","ping_status":"closed","sticky":false,"template":"","format":"standard","meta":{"footnotes":""},"categories":[6],"tags":[],"class_list":["post-1532","post","type-post","status-publish","format-standard","hentry","category-reportagen-interviews-deutsch"],"_links":{"self":[{"href":"https:\/\/leukefeld.net\/index.php?rest_route=\/wp\/v2\/posts\/1532","targetHints":{"allow":["GET"]}}],"collection":[{"href":"https:\/\/leukefeld.net\/index.php?rest_route=\/wp\/v2\/posts"}],"about":[{"href":"https:\/\/leukefeld.net\/index.php?rest_route=\/wp\/v2\/types\/post"}],"author":[{"embeddable":true,"href":"https:\/\/leukefeld.net\/index.php?rest_route=\/wp\/v2\/users\/2"}],"replies":[{"embeddable":true,"href":"https:\/\/leukefeld.net\/index.php?rest_route=%2Fwp%2Fv2%2Fcomments&post=1532"}],"version-history":[{"count":1,"href":"https:\/\/leukefeld.net\/index.php?rest_route=\/wp\/v2\/posts\/1532\/revisions"}],"predecessor-version":[{"id":1533,"href":"https:\/\/leukefeld.net\/index.php?rest_route=\/wp\/v2\/posts\/1532\/revisions\/1533"}],"wp:attachment":[{"href":"https:\/\/leukefeld.net\/index.php?rest_route=%2Fwp%2Fv2%2Fmedia&parent=1532"}],"wp:term":[{"taxonomy":"category","embeddable":true,"href":"https:\/\/leukefeld.net\/index.php?rest_route=%2Fwp%2Fv2%2Fcategories&post=1532"},{"taxonomy":"post_tag","embeddable":true,"href":"https:\/\/leukefeld.net\/index.php?rest_route=%2Fwp%2Fv2%2Ftags&post=1532"}],"curies":[{"name":"wp","href":"https:\/\/api.w.org\/{rel}","templated":true}]}}