{"id":1524,"date":"2021-09-10T20:53:53","date_gmt":"2021-09-10T19:53:53","guid":{"rendered":"https:\/\/leukefeld.net\/?p=1524"},"modified":"2021-09-23T20:58:20","modified_gmt":"2021-09-23T19:58:20","slug":"naher-und-mittlere-osten-perspektiven-nach-afghanistan-abzug","status":"publish","type":"post","link":"https:\/\/leukefeld.net\/?p=1524","title":{"rendered":"Naher und Mittlerer Osten: Perspektiven nach Afghanistan-Abzug"},"content":{"rendered":"<p>Ausgehend von der aktuellen Situation in Syrien erl\u00e4utert die Autorin im Gespr\u00e4ch mit Sabine Kebir (Weltnetz TV) die im Nahen und Mittleren Osten sichtbaren Auswirkungen des R\u00fcckzugs der NATO aus Afghanistan.<\/p>\n<p>Das Interview bei Weltnetz TV:\u00a0<a href=\"https:\/\/weltnetz.tv\/video\/2529-naher-und-mittlere-osten-perspektiven-nach-afghanistan-abzug\">https:\/\/weltnetz.tv\/video\/2529-naher-und-mittlere-osten-perspektiven-nach-afghanistan-abzug<\/a><\/p>\n","protected":false},"excerpt":{"rendered":"<p>Ausgehend von der aktuellen Situation in Syrien erl\u00e4utert die Autorin im Gespr\u00e4ch mit Sabine Kebir (Weltnetz TV) die im Nahen und Mittleren Osten sichtbaren Auswirkungen des R\u00fcckzugs der NATO aus Afghanistan. Das Interview bei Weltnetz TV:\u00a0https:\/\/weltnetz.tv\/video\/2529-naher-und-mittlere-osten-perspektiven-nach-afghanistan-abzug<\/p>\n","protected":false},"author":2,"featured_media":0,"comment_status":"closed","ping_status":"closed","sticky":false,"template":"","format":"standard","meta":{"footnotes":""},"categories":[5,6],"tags":[],"class_list":["post-1524","post","type-post","status-publish","format-standard","hentry","category-radio-features-deutsch","category-reportagen-interviews-deutsch"],"_links":{"self":[{"href":"https:\/\/leukefeld.net\/index.php?rest_route=\/wp\/v2\/posts\/1524","targetHints":{"allow":["GET"]}}],"collection":[{"href":"https:\/\/leukefeld.net\/index.php?rest_route=\/wp\/v2\/posts"}],"about":[{"href":"https:\/\/leukefeld.net\/index.php?rest_route=\/wp\/v2\/types\/post"}],"author":[{"embeddable":true,"href":"https:\/\/leukefeld.net\/index.php?rest_route=\/wp\/v2\/users\/2"}],"replies":[{"embeddable":true,"href":"https:\/\/leukefeld.net\/index.php?rest_route=%2Fwp%2Fv2%2Fcomments&post=1524"}],"version-history":[{"count":2,"href":"https:\/\/leukefeld.net\/index.php?rest_route=\/wp\/v2\/posts\/1524\/revisions"}],"predecessor-version":[{"id":1527,"href":"https:\/\/leukefeld.net\/index.php?rest_route=\/wp\/v2\/posts\/1524\/revisions\/1527"}],"wp:attachment":[{"href":"https:\/\/leukefeld.net\/index.php?rest_route=%2Fwp%2Fv2%2Fmedia&parent=1524"}],"wp:term":[{"taxonomy":"category","embeddable":true,"href":"https:\/\/leukefeld.net\/index.php?rest_route=%2Fwp%2Fv2%2Fcategories&post=1524"},{"taxonomy":"post_tag","embeddable":true,"href":"https:\/\/leukefeld.net\/index.php?rest_route=%2Fwp%2Fv2%2Ftags&post=1524"}],"curies":[{"name":"wp","href":"https:\/\/api.w.org\/{rel}","templated":true}]}}