{"id":1492,"date":"2021-08-10T22:02:43","date_gmt":"2021-08-10T21:02:43","guid":{"rendered":"https:\/\/leukefeld.net\/?p=1492"},"modified":"2021-08-10T22:02:43","modified_gmt":"2021-08-10T21:02:43","slug":"feuer-fuer-feuer","status":"publish","type":"post","link":"https:\/\/leukefeld.net\/?p=1492","title":{"rendered":"Feuer f\u00fcr Feuer"},"content":{"rendered":"<p>Nach einem mehrt\u00e4gigen Raketen-Schlagabtausch an der s\u00fcdlichen Grenze des Libanon hat sich der Vorsitzende der libanesischen Hisbollah, Hassan Nasrallah (am 7.8.2021) zur Lage ge\u00e4u\u00dfert. Die Hisbollah sei nicht an einem Krieg interessiert, sagte Nasrallah in einer Rede, die vom Nachrichtensender Al Manar, der der Hisbollah nahe steht, \u00fcbertragen wurde. Allerdings werde man nicht zulassen, da\u00df Israel das errungene \u00bbGleichgewicht des Schreckens\u00ab ver\u00e4ndere.<\/p>\n<p>Weiterlesen: <a href=\"https:\/\/leukefeld.net\/wp-content\/uploads\/2021\/08\/zlv-210810-Libanon-Israel-Feuer-fuer-Feuer.pdf\">zlv 210810 Libanon Israel Feuer f\u00fcr Feuer<\/a><\/p>\n","protected":false},"excerpt":{"rendered":"<p>Nach einem mehrt\u00e4gigen Raketen-Schlagabtausch an der s\u00fcdlichen Grenze des Libanon hat sich der Vorsitzende der libanesischen Hisbollah, Hassan Nasrallah (am 7.8.2021) zur Lage ge\u00e4u\u00dfert. Die Hisbollah sei nicht an einem Krieg interessiert, sagte Nasrallah in einer Rede, die vom Nachrichtensender &hellip; <a href=\"https:\/\/leukefeld.net\/?p=1492\">Weiterlesen <span class=\"meta-nav\">&rarr;<\/span><\/a><\/p>\n","protected":false},"author":2,"featured_media":0,"comment_status":"closed","ping_status":"closed","sticky":false,"template":"","format":"standard","meta":{"footnotes":""},"categories":[6],"tags":[],"class_list":["post-1492","post","type-post","status-publish","format-standard","hentry","category-reportagen-interviews-deutsch"],"_links":{"self":[{"href":"https:\/\/leukefeld.net\/index.php?rest_route=\/wp\/v2\/posts\/1492","targetHints":{"allow":["GET"]}}],"collection":[{"href":"https:\/\/leukefeld.net\/index.php?rest_route=\/wp\/v2\/posts"}],"about":[{"href":"https:\/\/leukefeld.net\/index.php?rest_route=\/wp\/v2\/types\/post"}],"author":[{"embeddable":true,"href":"https:\/\/leukefeld.net\/index.php?rest_route=\/wp\/v2\/users\/2"}],"replies":[{"embeddable":true,"href":"https:\/\/leukefeld.net\/index.php?rest_route=%2Fwp%2Fv2%2Fcomments&post=1492"}],"version-history":[{"count":1,"href":"https:\/\/leukefeld.net\/index.php?rest_route=\/wp\/v2\/posts\/1492\/revisions"}],"predecessor-version":[{"id":1494,"href":"https:\/\/leukefeld.net\/index.php?rest_route=\/wp\/v2\/posts\/1492\/revisions\/1494"}],"wp:attachment":[{"href":"https:\/\/leukefeld.net\/index.php?rest_route=%2Fwp%2Fv2%2Fmedia&parent=1492"}],"wp:term":[{"taxonomy":"category","embeddable":true,"href":"https:\/\/leukefeld.net\/index.php?rest_route=%2Fwp%2Fv2%2Fcategories&post=1492"},{"taxonomy":"post_tag","embeddable":true,"href":"https:\/\/leukefeld.net\/index.php?rest_route=%2Fwp%2Fv2%2Ftags&post=1492"}],"curies":[{"name":"wp","href":"https:\/\/api.w.org\/{rel}","templated":true}]}}