{"id":1484,"date":"2021-08-07T21:02:02","date_gmt":"2021-08-07T20:02:02","guid":{"rendered":"https:\/\/leukefeld.net\/?p=1484"},"modified":"2021-08-09T21:43:34","modified_gmt":"2021-08-09T20:43:34","slug":"das-hier-ist-unser-land","status":"publish","type":"post","link":"https:\/\/leukefeld.net\/?p=1484","title":{"rendered":"Das hier ist unser Land"},"content":{"rendered":"<p>\u00bbHier, das werden Sie brauchen.\u00ab Hisham Al Ayazra h\u00e4lt mir eine Schirmm\u00fctze hin und zwinkert vergn\u00fcgt mit den Augen. \u00bbEs ist hei\u00df da drau\u00dfen auf den Feldern.\u00ab Rasch wechselt er noch ein paar Worte mit Mutter und Schwester, die das Mittagessen vorbereiten wollen. Mindestens zwei Stunden werde man auf den Feldern sein, sie sollten sich Zeit lassen. Dann verl\u00e4sst der kleine Trupp den elterlichen Hof. Das einfache Haus mit dem gro\u00dfen Garten liegt in Bassir, etwa 80 Kilometer s\u00fcdlich von Damaskus im Hauran, der zur Provinz Deraa geh\u00f6rt. Das Thermometer zeigt 38 Grad.<\/p>\n<div id=\"ArticleContentAd\" class=\"Content-Ad\">\n<div class=\"AdsCt\">Die Reportage \u00fcber Bauern im S\u00fcdwesten Syriens erschien in der Wochenendausgabe des Neuen Deutschland: <a href=\"https:\/\/www.nd-aktuell.de\/artikel\/1155336.landwirtschaft-in-syrien-das-hier-ist-unser-land.html\">https:\/\/www.nd-aktuell.de\/artikel\/1155336.landwirtschaft-in-syrien-das-hier-ist-unser-land.html<\/a><\/div>\n<div><\/div>\n<\/div>\n","protected":false},"excerpt":{"rendered":"<p>\u00bbHier, das werden Sie brauchen.\u00ab Hisham Al Ayazra h\u00e4lt mir eine Schirmm\u00fctze hin und zwinkert vergn\u00fcgt mit den Augen. \u00bbEs ist hei\u00df da drau\u00dfen auf den Feldern.\u00ab Rasch wechselt er noch ein paar Worte mit Mutter und Schwester, die das &hellip; <a href=\"https:\/\/leukefeld.net\/?p=1484\">Weiterlesen <span class=\"meta-nav\">&rarr;<\/span><\/a><\/p>\n","protected":false},"author":2,"featured_media":0,"comment_status":"closed","ping_status":"closed","sticky":false,"template":"","format":"standard","meta":{"footnotes":""},"categories":[6],"tags":[],"class_list":["post-1484","post","type-post","status-publish","format-standard","hentry","category-reportagen-interviews-deutsch"],"_links":{"self":[{"href":"https:\/\/leukefeld.net\/index.php?rest_route=\/wp\/v2\/posts\/1484","targetHints":{"allow":["GET"]}}],"collection":[{"href":"https:\/\/leukefeld.net\/index.php?rest_route=\/wp\/v2\/posts"}],"about":[{"href":"https:\/\/leukefeld.net\/index.php?rest_route=\/wp\/v2\/types\/post"}],"author":[{"embeddable":true,"href":"https:\/\/leukefeld.net\/index.php?rest_route=\/wp\/v2\/users\/2"}],"replies":[{"embeddable":true,"href":"https:\/\/leukefeld.net\/index.php?rest_route=%2Fwp%2Fv2%2Fcomments&post=1484"}],"version-history":[{"count":4,"href":"https:\/\/leukefeld.net\/index.php?rest_route=\/wp\/v2\/posts\/1484\/revisions"}],"predecessor-version":[{"id":1491,"href":"https:\/\/leukefeld.net\/index.php?rest_route=\/wp\/v2\/posts\/1484\/revisions\/1491"}],"wp:attachment":[{"href":"https:\/\/leukefeld.net\/index.php?rest_route=%2Fwp%2Fv2%2Fmedia&parent=1484"}],"wp:term":[{"taxonomy":"category","embeddable":true,"href":"https:\/\/leukefeld.net\/index.php?rest_route=%2Fwp%2Fv2%2Fcategories&post=1484"},{"taxonomy":"post_tag","embeddable":true,"href":"https:\/\/leukefeld.net\/index.php?rest_route=%2Fwp%2Fv2%2Ftags&post=1484"}],"curies":[{"name":"wp","href":"https:\/\/api.w.org\/{rel}","templated":true}]}}