{"id":1481,"date":"2021-08-07T14:22:10","date_gmt":"2021-08-07T13:22:10","guid":{"rendered":"https:\/\/leukefeld.net\/?p=1481"},"modified":"2021-08-09T14:26:23","modified_gmt":"2021-08-09T13:26:23","slug":"israel-traegt-hauptverantwortung-fuer-unruhe-und-kriege-in-region","status":"publish","type":"post","link":"https:\/\/leukefeld.net\/?p=1481","title":{"rendered":"Israel tr\u00e4gt Hauptverantwortung f\u00fcr Unruhe und Kriege in Region"},"content":{"rendered":"<p>In den letzten Tagen versch\u00e4rfte sich die Lage im Nahen Osten erneut drastisch. Russland kritisierte die israelischen Luftangriffe vor Kurzem als Verletzung der Souver\u00e4nit\u00e4t Syriens. Das russische Verteidigungsministerium gab eine Erkl\u00e4rung zu den j\u00fcngsten israelischen Angriffen auf Syrien ab, die Hinweise auf eine Verschiebung der Strategie Moskaus hinsichtlich der v\u00f6lkerrechtswidrigen israelischen Angriffe gegen die syrische Souver\u00e4nit\u00e4t enthielten.<\/p>\n<p>Der Drohnenangriff auf einen israelischen Tanker (MT Mercer Street) fachte den Konflikt zwischen Israel und Iran neu an. Israel droht nun Iran mit Krieg, um das Atomprogramm des Landes zu stoppen. In Afghanistan weiten sich die K\u00e4mpfe zwischen den Taliban und den Regierungskr\u00e4ften aus und im Iran trat Ebrahim Raissi sein Amt als neuer Pr\u00e4sident an.<\/p>\n<p>Im Interview mit <em>RT DE<\/em> geht es um die j\u00fcngsten Entwicklungen in der Region und die Frage, inwieweit die Gefahr vom Ausbruch eines neuen Krieges im Nahen Osten besteht:\u00a0<a href=\"https:\/\/de.rt.com\/der-nahe-osten\/121978-karin-leukefeld-im-interview-mit\/\">https:\/\/de.rt.com\/der-nahe-osten\/121978-karin-leukefeld-im-interview-mit\/<\/a><\/p>\n","protected":false},"excerpt":{"rendered":"<p>In den letzten Tagen versch\u00e4rfte sich die Lage im Nahen Osten erneut drastisch. Russland kritisierte die israelischen Luftangriffe vor Kurzem als Verletzung der Souver\u00e4nit\u00e4t Syriens. Das russische Verteidigungsministerium gab eine Erkl\u00e4rung zu den j\u00fcngsten israelischen Angriffen auf Syrien ab, die &hellip; <a href=\"https:\/\/leukefeld.net\/?p=1481\">Weiterlesen <span class=\"meta-nav\">&rarr;<\/span><\/a><\/p>\n","protected":false},"author":2,"featured_media":0,"comment_status":"closed","ping_status":"closed","sticky":false,"template":"","format":"standard","meta":{"footnotes":""},"categories":[6],"tags":[],"class_list":["post-1481","post","type-post","status-publish","format-standard","hentry","category-reportagen-interviews-deutsch"],"_links":{"self":[{"href":"https:\/\/leukefeld.net\/index.php?rest_route=\/wp\/v2\/posts\/1481","targetHints":{"allow":["GET"]}}],"collection":[{"href":"https:\/\/leukefeld.net\/index.php?rest_route=\/wp\/v2\/posts"}],"about":[{"href":"https:\/\/leukefeld.net\/index.php?rest_route=\/wp\/v2\/types\/post"}],"author":[{"embeddable":true,"href":"https:\/\/leukefeld.net\/index.php?rest_route=\/wp\/v2\/users\/2"}],"replies":[{"embeddable":true,"href":"https:\/\/leukefeld.net\/index.php?rest_route=%2Fwp%2Fv2%2Fcomments&post=1481"}],"version-history":[{"count":2,"href":"https:\/\/leukefeld.net\/index.php?rest_route=\/wp\/v2\/posts\/1481\/revisions"}],"predecessor-version":[{"id":1483,"href":"https:\/\/leukefeld.net\/index.php?rest_route=\/wp\/v2\/posts\/1481\/revisions\/1483"}],"wp:attachment":[{"href":"https:\/\/leukefeld.net\/index.php?rest_route=%2Fwp%2Fv2%2Fmedia&parent=1481"}],"wp:term":[{"taxonomy":"category","embeddable":true,"href":"https:\/\/leukefeld.net\/index.php?rest_route=%2Fwp%2Fv2%2Fcategories&post=1481"},{"taxonomy":"post_tag","embeddable":true,"href":"https:\/\/leukefeld.net\/index.php?rest_route=%2Fwp%2Fv2%2Ftags&post=1481"}],"curies":[{"name":"wp","href":"https:\/\/api.w.org\/{rel}","templated":true}]}}