{"id":1431,"date":"2021-06-15T14:57:17","date_gmt":"2021-06-15T13:57:17","guid":{"rendered":"https:\/\/leukefeld.net\/?p=1431"},"modified":"2021-06-15T14:57:46","modified_gmt":"2021-06-15T13:57:46","slug":"von-strommangel-wasser-und-olivenbaeumen","status":"publish","type":"post","link":"https:\/\/leukefeld.net\/?p=1431","title":{"rendered":"Von Strommangel, Wasser und Olivenb\u00e4umen"},"content":{"rendered":"<p>Damaskus, Mitte Juni. Nach und nach werden die Plakate der Pr\u00e4sidentschaftskandidaten aus dem Stadtbild entfernt. Das ehrw\u00fcrdige Tuma-Tor in der Altstadt ist wieder zu sehen, seit bis auf eines die zahlreichen Plakate des alten und neuen Pr\u00e4sidenten Baschar Al-Assad \u00fcber Nacht abgeh\u00e4ngt wurden.<br \/>\nEs ist hei\u00df geworden. Immer mehr Damaszener schalten ihre Klimaanlagen an, was sich unmittelbar auf die Stromversorgung der Zwei-Millionen-Stadt auswirkt. In den Kriegsjahren hat sich die Bev\u00f6lkerung der syrischen Hauptstadt durch die Zuwanderung von Inlandsvertriebenen mindestens verdoppelt, und der Strom wird rationiert.<\/p>\n<p>Der Text erschien in der Berliner Tageszeitung Junge Welt am 15.06.2021: <a href=\"https:\/\/leukefeld.net\/wp-content\/uploads\/2021\/06\/jw-210615-Von-Strommangel-Wasser-und-Olivenbaeumen.pdf\">jw 210615 Von Strommangel, Wasser und Olivenb\u00e4umen<\/a><\/p>\n","protected":false},"excerpt":{"rendered":"<p>Damaskus, Mitte Juni. Nach und nach werden die Plakate der Pr\u00e4sidentschaftskandidaten aus dem Stadtbild entfernt. Das ehrw\u00fcrdige Tuma-Tor in der Altstadt ist wieder zu sehen, seit bis auf eines die zahlreichen Plakate des alten und neuen Pr\u00e4sidenten Baschar Al-Assad \u00fcber &hellip; <a href=\"https:\/\/leukefeld.net\/?p=1431\">Weiterlesen <span class=\"meta-nav\">&rarr;<\/span><\/a><\/p>\n","protected":false},"author":2,"featured_media":0,"comment_status":"closed","ping_status":"closed","sticky":false,"template":"","format":"standard","meta":{"footnotes":""},"categories":[6],"tags":[],"class_list":["post-1431","post","type-post","status-publish","format-standard","hentry","category-reportagen-interviews-deutsch"],"_links":{"self":[{"href":"https:\/\/leukefeld.net\/index.php?rest_route=\/wp\/v2\/posts\/1431","targetHints":{"allow":["GET"]}}],"collection":[{"href":"https:\/\/leukefeld.net\/index.php?rest_route=\/wp\/v2\/posts"}],"about":[{"href":"https:\/\/leukefeld.net\/index.php?rest_route=\/wp\/v2\/types\/post"}],"author":[{"embeddable":true,"href":"https:\/\/leukefeld.net\/index.php?rest_route=\/wp\/v2\/users\/2"}],"replies":[{"embeddable":true,"href":"https:\/\/leukefeld.net\/index.php?rest_route=%2Fwp%2Fv2%2Fcomments&post=1431"}],"version-history":[{"count":1,"href":"https:\/\/leukefeld.net\/index.php?rest_route=\/wp\/v2\/posts\/1431\/revisions"}],"predecessor-version":[{"id":1433,"href":"https:\/\/leukefeld.net\/index.php?rest_route=\/wp\/v2\/posts\/1431\/revisions\/1433"}],"wp:attachment":[{"href":"https:\/\/leukefeld.net\/index.php?rest_route=%2Fwp%2Fv2%2Fmedia&parent=1431"}],"wp:term":[{"taxonomy":"category","embeddable":true,"href":"https:\/\/leukefeld.net\/index.php?rest_route=%2Fwp%2Fv2%2Fcategories&post=1431"},{"taxonomy":"post_tag","embeddable":true,"href":"https:\/\/leukefeld.net\/index.php?rest_route=%2Fwp%2Fv2%2Ftags&post=1431"}],"curies":[{"name":"wp","href":"https:\/\/api.w.org\/{rel}","templated":true}]}}