{"id":1411,"date":"2021-05-29T20:55:52","date_gmt":"2021-05-29T19:55:52","guid":{"rendered":"https:\/\/leukefeld.net\/?p=1411"},"modified":"2021-05-30T20:57:19","modified_gmt":"2021-05-30T19:57:19","slug":"ungefaehrdeter-erfolg-baschar-al-assad-mit-absoluter-mehrheit-im-amt-bestaetigt","status":"publish","type":"post","link":"https:\/\/leukefeld.net\/?p=1411","title":{"rendered":"Syrien: Baschar al-Assad mit absoluter Mehrheit im Amt best\u00e4tigt"},"content":{"rendered":"<p>Baschar Al-Assad ist in Syrien f\u00fcr eine vierte Amtszeit als Pr\u00e4sident best\u00e4tigt worden. Das teilte am Donnerstagabend Parlamentssprecher Hammuda Sabbagh auf einer Pressekonferenz im syrischen Parlament in Damaskus mit. F\u00fcr Assad stimmten demnach rund 13,5 Millionen W\u00e4hler, was einem Anteil von 95,1 Prozent entspricht. Der Oppositionelle Mahmud Ahmed Marei erhielt 470.276 Stimmen (3,3 Prozent), und der Kandidat Abdullah Sallum Abdullah kam mit 213.968 Stimmen auf 1,5 Prozent. Von den 18,1 Millionen wahlberechtigten syrischen Staatsb\u00fcrgern beteiligten sich nach Angaben des Parlamentssprechers rund 14,2 Millionen sowohl im Land selbst als auch im Ausland an der Abstimmung. Die Wahlbeteiligung lag bei 78,64 Prozent.<\/p>\n<p>Der Artikel erschien in der Berliner Tageszeitung Junge Welt: <a href=\"https:\/\/leukefeld.net\/wp-content\/uploads\/2021\/05\/jw-210529-Ungefaehrdeter-Erfolg.pdf\">jw-210529 Ungef\u00e4hrdeter Erfolg<\/a><\/p>\n","protected":false},"excerpt":{"rendered":"<p>Baschar Al-Assad ist in Syrien f\u00fcr eine vierte Amtszeit als Pr\u00e4sident best\u00e4tigt worden. Das teilte am Donnerstagabend Parlamentssprecher Hammuda Sabbagh auf einer Pressekonferenz im syrischen Parlament in Damaskus mit. F\u00fcr Assad stimmten demnach rund 13,5 Millionen W\u00e4hler, was einem Anteil &hellip; <a href=\"https:\/\/leukefeld.net\/?p=1411\">Weiterlesen <span class=\"meta-nav\">&rarr;<\/span><\/a><\/p>\n","protected":false},"author":2,"featured_media":0,"comment_status":"closed","ping_status":"closed","sticky":false,"template":"","format":"standard","meta":{"footnotes":""},"categories":[6],"tags":[],"class_list":["post-1411","post","type-post","status-publish","format-standard","hentry","category-reportagen-interviews-deutsch"],"_links":{"self":[{"href":"https:\/\/leukefeld.net\/index.php?rest_route=\/wp\/v2\/posts\/1411","targetHints":{"allow":["GET"]}}],"collection":[{"href":"https:\/\/leukefeld.net\/index.php?rest_route=\/wp\/v2\/posts"}],"about":[{"href":"https:\/\/leukefeld.net\/index.php?rest_route=\/wp\/v2\/types\/post"}],"author":[{"embeddable":true,"href":"https:\/\/leukefeld.net\/index.php?rest_route=\/wp\/v2\/users\/2"}],"replies":[{"embeddable":true,"href":"https:\/\/leukefeld.net\/index.php?rest_route=%2Fwp%2Fv2%2Fcomments&post=1411"}],"version-history":[{"count":3,"href":"https:\/\/leukefeld.net\/index.php?rest_route=\/wp\/v2\/posts\/1411\/revisions"}],"predecessor-version":[{"id":1415,"href":"https:\/\/leukefeld.net\/index.php?rest_route=\/wp\/v2\/posts\/1411\/revisions\/1415"}],"wp:attachment":[{"href":"https:\/\/leukefeld.net\/index.php?rest_route=%2Fwp%2Fv2%2Fmedia&parent=1411"}],"wp:term":[{"taxonomy":"category","embeddable":true,"href":"https:\/\/leukefeld.net\/index.php?rest_route=%2Fwp%2Fv2%2Fcategories&post=1411"},{"taxonomy":"post_tag","embeddable":true,"href":"https:\/\/leukefeld.net\/index.php?rest_route=%2Fwp%2Fv2%2Ftags&post=1411"}],"curies":[{"name":"wp","href":"https:\/\/api.w.org\/{rel}","templated":true}]}}