{"id":1404,"date":"2021-05-26T18:48:25","date_gmt":"2021-05-26T17:48:25","guid":{"rendered":"https:\/\/leukefeld.net\/?p=1404"},"modified":"2021-05-30T18:49:46","modified_gmt":"2021-05-30T17:49:46","slug":"die-syrer-wollen-keine-bevormundung","status":"publish","type":"post","link":"https:\/\/leukefeld.net\/?p=1404","title":{"rendered":"Die Syrer wollen keine Bevormundung"},"content":{"rendered":"<p>Am 26. Mai 2021 wird in Syrien ein Pr\u00e4sident gew\u00e4hlt. Drei Kandidaten treten an, darunter auch der amtierende Pr\u00e4sident Baschar al-Assad. Vieles deutet darauf hin, da\u00df Assad f\u00fcr eine vierte Amtszeit gew\u00e4hlt werden wird. Trotz massiver Kritik aus dem westlichen Ausland halten die Syrer an ihrem \u00bbverfassungsgem\u00e4\u00dfen Recht zu w\u00e4hlen\u00ab fest. 51 Personen hatten sich um das h\u00f6chste Amt in Syrien beworben, unter ihnen waren erstmals auch Frauen. Das Verfassungsgericht lie\u00df schlie\u00dflich drei der Kandidaten zu den Wahlen zu. Landesweit wurden 12.000 Wahlzentren eingerichtet. 14\u00a0Staaten haben auf Einladung des syrischen Parlaments Delegationen zur Wahlbeobachtung entsandt.<\/p>\n<p>Der Artikel erschien in der Zeitung vum Letzebuerger Vollek:\u00a0<a href=\"https:\/\/www.zlv.lu\/db\/1\/1492887011443\">https:\/\/www.zlv.lu\/db\/1\/1492887011443<\/a><\/p>\n<p>&nbsp;<\/p>\n","protected":false},"excerpt":{"rendered":"<p>Am 26. Mai 2021 wird in Syrien ein Pr\u00e4sident gew\u00e4hlt. Drei Kandidaten treten an, darunter auch der amtierende Pr\u00e4sident Baschar al-Assad. Vieles deutet darauf hin, da\u00df Assad f\u00fcr eine vierte Amtszeit gew\u00e4hlt werden wird. Trotz massiver Kritik aus dem westlichen &hellip; <a href=\"https:\/\/leukefeld.net\/?p=1404\">Weiterlesen <span class=\"meta-nav\">&rarr;<\/span><\/a><\/p>\n","protected":false},"author":2,"featured_media":0,"comment_status":"closed","ping_status":"closed","sticky":false,"template":"","format":"standard","meta":{"footnotes":""},"categories":[6],"tags":[],"class_list":["post-1404","post","type-post","status-publish","format-standard","hentry","category-reportagen-interviews-deutsch"],"_links":{"self":[{"href":"https:\/\/leukefeld.net\/index.php?rest_route=\/wp\/v2\/posts\/1404","targetHints":{"allow":["GET"]}}],"collection":[{"href":"https:\/\/leukefeld.net\/index.php?rest_route=\/wp\/v2\/posts"}],"about":[{"href":"https:\/\/leukefeld.net\/index.php?rest_route=\/wp\/v2\/types\/post"}],"author":[{"embeddable":true,"href":"https:\/\/leukefeld.net\/index.php?rest_route=\/wp\/v2\/users\/2"}],"replies":[{"embeddable":true,"href":"https:\/\/leukefeld.net\/index.php?rest_route=%2Fwp%2Fv2%2Fcomments&post=1404"}],"version-history":[{"count":1,"href":"https:\/\/leukefeld.net\/index.php?rest_route=\/wp\/v2\/posts\/1404\/revisions"}],"predecessor-version":[{"id":1405,"href":"https:\/\/leukefeld.net\/index.php?rest_route=\/wp\/v2\/posts\/1404\/revisions\/1405"}],"wp:attachment":[{"href":"https:\/\/leukefeld.net\/index.php?rest_route=%2Fwp%2Fv2%2Fmedia&parent=1404"}],"wp:term":[{"taxonomy":"category","embeddable":true,"href":"https:\/\/leukefeld.net\/index.php?rest_route=%2Fwp%2Fv2%2Fcategories&post=1404"},{"taxonomy":"post_tag","embeddable":true,"href":"https:\/\/leukefeld.net\/index.php?rest_route=%2Fwp%2Fv2%2Ftags&post=1404"}],"curies":[{"name":"wp","href":"https:\/\/api.w.org\/{rel}","templated":true}]}}