{"id":1369,"date":"2021-04-17T21:19:41","date_gmt":"2021-04-17T20:19:41","guid":{"rendered":"https:\/\/leukefeld.net\/?p=1369"},"modified":"2021-04-30T21:21:33","modified_gmt":"2021-04-30T20:21:33","slug":"fasbender-im-gespraech-syrien-buergerkrieg-ohne-gute-und-ohne-boese","status":"publish","type":"post","link":"https:\/\/leukefeld.net\/?p=1369","title":{"rendered":"Fasbender im Gespr\u00e4ch &#8211; Syrien: &#8222;B\u00fcrgerkrieg ohne Gute und ohne B\u00f6se&#8220;"},"content":{"rendered":"<p>Fasbender im Gespr\u00e4ch \u2013 mit der Autorin und Nahostexpertin Karin Leukefeld. Nach zehn Jahren Krieg in Syrien geht es um die eigentlichen Hintergr\u00fcnde des Konflikts und die geopolitische Gemengelage in dem nah\u00f6stlichen Land.\u00a0Nat\u00fcrlich geht es nicht um Demokratie im westlichen Verst\u00e4ndnis; auch Gute und B\u00f6se gibt es nur in der Propaganda. Am Urgrund des Krieges liegt das Spannungsfeld S\u00e4kularisierung, Nationalismus und Islam. es betrifft die gesamte Region, doch in Syrien treffen auch die Interessen regionaler und globaler M\u00e4chte aufeinander: T\u00fcrkei, Iran und Israel, Russland und die USA.<\/p>\n<p>Das Interview wurde am 17.04.2021 ver\u00f6ffentlicht:\u00a0<a href=\"https:\/\/kurz.rt.com\/2hli\">https:\/\/kurz.rt.com\/2hli<\/a><\/p>\n","protected":false},"excerpt":{"rendered":"<p>Fasbender im Gespr\u00e4ch \u2013 mit der Autorin und Nahostexpertin Karin Leukefeld. Nach zehn Jahren Krieg in Syrien geht es um die eigentlichen Hintergr\u00fcnde des Konflikts und die geopolitische Gemengelage in dem nah\u00f6stlichen Land.\u00a0Nat\u00fcrlich geht es nicht um Demokratie im westlichen &hellip; <a href=\"https:\/\/leukefeld.net\/?p=1369\">Weiterlesen <span class=\"meta-nav\">&rarr;<\/span><\/a><\/p>\n","protected":false},"author":2,"featured_media":0,"comment_status":"closed","ping_status":"closed","sticky":false,"template":"","format":"standard","meta":{"footnotes":""},"categories":[5,6],"tags":[],"class_list":["post-1369","post","type-post","status-publish","format-standard","hentry","category-radio-features-deutsch","category-reportagen-interviews-deutsch"],"_links":{"self":[{"href":"https:\/\/leukefeld.net\/index.php?rest_route=\/wp\/v2\/posts\/1369","targetHints":{"allow":["GET"]}}],"collection":[{"href":"https:\/\/leukefeld.net\/index.php?rest_route=\/wp\/v2\/posts"}],"about":[{"href":"https:\/\/leukefeld.net\/index.php?rest_route=\/wp\/v2\/types\/post"}],"author":[{"embeddable":true,"href":"https:\/\/leukefeld.net\/index.php?rest_route=\/wp\/v2\/users\/2"}],"replies":[{"embeddable":true,"href":"https:\/\/leukefeld.net\/index.php?rest_route=%2Fwp%2Fv2%2Fcomments&post=1369"}],"version-history":[{"count":3,"href":"https:\/\/leukefeld.net\/index.php?rest_route=\/wp\/v2\/posts\/1369\/revisions"}],"predecessor-version":[{"id":1372,"href":"https:\/\/leukefeld.net\/index.php?rest_route=\/wp\/v2\/posts\/1369\/revisions\/1372"}],"wp:attachment":[{"href":"https:\/\/leukefeld.net\/index.php?rest_route=%2Fwp%2Fv2%2Fmedia&parent=1369"}],"wp:term":[{"taxonomy":"category","embeddable":true,"href":"https:\/\/leukefeld.net\/index.php?rest_route=%2Fwp%2Fv2%2Fcategories&post=1369"},{"taxonomy":"post_tag","embeddable":true,"href":"https:\/\/leukefeld.net\/index.php?rest_route=%2Fwp%2Fv2%2Ftags&post=1369"}],"curies":[{"name":"wp","href":"https:\/\/api.w.org\/{rel}","templated":true}]}}