{"id":1337,"date":"2021-02-15T12:30:31","date_gmt":"2021-02-15T11:30:31","guid":{"rendered":"https:\/\/leukefeld.net\/?p=1337"},"modified":"2021-02-15T12:33:24","modified_gmt":"2021-02-15T11:33:24","slug":"die-aktuelle-lage-in-syrien-ein-gespraech-mit-der-wiener-zeitschrift-international","status":"publish","type":"post","link":"https:\/\/leukefeld.net\/?p=1337","title":{"rendered":"Die aktuelle Lage in Syrien &#8211; Ein Gespr\u00e4ch mit der Wiener Zeitschrift INTERNATIONAL"},"content":{"rendered":"<p>Ein Gespr\u00e4ch mit Fritz Edlinger von INTERNATIONAl, der Zeitschrift f\u00fcr internationale Politik (Wien), \u00fcber die aktuelle Lage in Syrien. Ausf\u00fchrlich geht es um die Lage im Nordosten Syriens, wo nach der milit\u00e4rischen Niederlage des Islamischen Staates ein kompliziertes System von unterschiedlichen Interessen etabliert worden ist. Gro\u00dfe Teile des Gebietes werden von den kurdisch dominierten Demokratischen Kr\u00e4ften Syriens (SDF) kontrolliert und verwaltet, die sich ihrerseits auf die Unterst\u00fctzung der ebenfalls in der Region anwesenden US-amerikanischen Einheiten verlassen k\u00f6nnen. Die US-Einheiten sch\u00fctzen vor allem die \u00d6lf\u00f6rderanlagen in der Region, welche von einem US-amerikanischen Unternehmen ausgebeutet werden. Von einem Abzug der US-Truppen kann keine Rede sein, die US-Armee baut ihre Positionen in der Region aus. Thema ist dar\u00fcber hinaus auch die Situation in den beiden Gefangenenlagern von Al Hol und Roj.<\/p>\n<p>Das Gespr\u00e4ch: <a href=\"https:\/\/www.youtube.com\/watch?v=Z5V-SEKzIqU&amp;feature=youtu.be\">https:\/\/www.youtube.com\/watch?v=Z5V-SEKzIqU&amp;feature=youtu.be<\/a><\/p>\n<p>Mehr von INTERNATIONAL, der Wiener Zeitschrift f\u00fcr internationale Politik: <a href=\"https:\/\/www.youtube.com\/channel\/UCXYKYEYgk1ntGNJgJv9JhNA\/videos\">https:\/\/www.youtube.com\/channel\/UCXYKYEYgk1ntGNJgJv9JhNA\/videos<\/a><\/p>\n","protected":false},"excerpt":{"rendered":"<p>Ein Gespr\u00e4ch mit Fritz Edlinger von INTERNATIONAl, der Zeitschrift f\u00fcr internationale Politik (Wien), \u00fcber die aktuelle Lage in Syrien. Ausf\u00fchrlich geht es um die Lage im Nordosten Syriens, wo nach der milit\u00e4rischen Niederlage des Islamischen Staates ein kompliziertes System von &hellip; <a href=\"https:\/\/leukefeld.net\/?p=1337\">Weiterlesen <span class=\"meta-nav\">&rarr;<\/span><\/a><\/p>\n","protected":false},"author":2,"featured_media":0,"comment_status":"closed","ping_status":"closed","sticky":false,"template":"","format":"standard","meta":{"footnotes":""},"categories":[5,6],"tags":[],"class_list":["post-1337","post","type-post","status-publish","format-standard","hentry","category-radio-features-deutsch","category-reportagen-interviews-deutsch"],"_links":{"self":[{"href":"https:\/\/leukefeld.net\/index.php?rest_route=\/wp\/v2\/posts\/1337","targetHints":{"allow":["GET"]}}],"collection":[{"href":"https:\/\/leukefeld.net\/index.php?rest_route=\/wp\/v2\/posts"}],"about":[{"href":"https:\/\/leukefeld.net\/index.php?rest_route=\/wp\/v2\/types\/post"}],"author":[{"embeddable":true,"href":"https:\/\/leukefeld.net\/index.php?rest_route=\/wp\/v2\/users\/2"}],"replies":[{"embeddable":true,"href":"https:\/\/leukefeld.net\/index.php?rest_route=%2Fwp%2Fv2%2Fcomments&post=1337"}],"version-history":[{"count":5,"href":"https:\/\/leukefeld.net\/index.php?rest_route=\/wp\/v2\/posts\/1337\/revisions"}],"predecessor-version":[{"id":1342,"href":"https:\/\/leukefeld.net\/index.php?rest_route=\/wp\/v2\/posts\/1337\/revisions\/1342"}],"wp:attachment":[{"href":"https:\/\/leukefeld.net\/index.php?rest_route=%2Fwp%2Fv2%2Fmedia&parent=1337"}],"wp:term":[{"taxonomy":"category","embeddable":true,"href":"https:\/\/leukefeld.net\/index.php?rest_route=%2Fwp%2Fv2%2Fcategories&post=1337"},{"taxonomy":"post_tag","embeddable":true,"href":"https:\/\/leukefeld.net\/index.php?rest_route=%2Fwp%2Fv2%2Ftags&post=1337"}],"curies":[{"name":"wp","href":"https:\/\/api.w.org\/{rel}","templated":true}]}}