{"id":1306,"date":"2021-01-29T09:49:51","date_gmt":"2021-01-29T08:49:51","guid":{"rendered":"https:\/\/leukefeld.net\/?p=1306"},"modified":"2021-01-29T09:50:24","modified_gmt":"2021-01-29T08:50:24","slug":"die-levante-im-westlichen-wuergegriff","status":"publish","type":"post","link":"https:\/\/leukefeld.net\/?p=1306","title":{"rendered":"Die Levante im westlichen W\u00fcrgegriff"},"content":{"rendered":"<p>Im Gespr\u00e4ch mit Sabine Kebir von Weltnetz TV geht es zun\u00e4chst um die Wirtschafts- und Finanzkrise im Libanon, durch die sich die Lage der Bev\u00f6lkerung dramatisch verschlechtert hat. Hinzu kommen die Auswirkungen westlicher Sanktionen und die syrisch-libanesische Grenzschlie\u00dfung wegen Corona.\u00a0Ausf\u00fchrlich geht es um die schwierige Lage der syrischen Christen, die Karin Leukefeld\u00a0 zu Weihnachten in verschiedenen Teilen des Landes besucht hat.\u00a0 Viele sind nicht in ihre Heimatorte zur\u00fcckgekehrt. Leukefeld zeigt Fotos von zerst\u00f6rten Kirchen und H\u00e4usern christlicher Familien, die \u2013 \u00e4hnlich wie Gesch\u00e4fte und Wohnungen von Juden im 3. Reich \u2013 durch Sympathisanten der Djihadisten\u00a0 gekennzeichnet und deren Bewohner dann verschleppt wurden. Viele christliche Familien nehmen Einwanderungsangebote westlicher Staaten an, allen voran Kanada. Manche \u00e4u\u00dfern die Vermutung, \u201edass unsere Gesellschaft zerst\u00f6rt werden soll\u201c. Der Westen hat die Wiege der eigenen Zivilisation verraten:\u00a0 die Urchristen in Pal\u00e4stina, Irak und Syrien.<\/p>\n<p>Weltnetz TV: <a href=\"https:\/\/weltnetz.tv\/video\/2449-die-levante-im-westlichen-wuergegriff\">https:\/\/weltnetz.tv\/video\/2449-die-levante-im-westlichen-wuergegriff<\/a><\/p>\n","protected":false},"excerpt":{"rendered":"<p>Im Gespr\u00e4ch mit Sabine Kebir von Weltnetz TV geht es zun\u00e4chst um die Wirtschafts- und Finanzkrise im Libanon, durch die sich die Lage der Bev\u00f6lkerung dramatisch verschlechtert hat. Hinzu kommen die Auswirkungen westlicher Sanktionen und die syrisch-libanesische Grenzschlie\u00dfung wegen Corona.\u00a0Ausf\u00fchrlich &hellip; <a href=\"https:\/\/leukefeld.net\/?p=1306\">Weiterlesen <span class=\"meta-nav\">&rarr;<\/span><\/a><\/p>\n","protected":false},"author":2,"featured_media":0,"comment_status":"closed","ping_status":"closed","sticky":false,"template":"","format":"standard","meta":{"footnotes":""},"categories":[5,6],"tags":[],"class_list":["post-1306","post","type-post","status-publish","format-standard","hentry","category-radio-features-deutsch","category-reportagen-interviews-deutsch"],"_links":{"self":[{"href":"https:\/\/leukefeld.net\/index.php?rest_route=\/wp\/v2\/posts\/1306","targetHints":{"allow":["GET"]}}],"collection":[{"href":"https:\/\/leukefeld.net\/index.php?rest_route=\/wp\/v2\/posts"}],"about":[{"href":"https:\/\/leukefeld.net\/index.php?rest_route=\/wp\/v2\/types\/post"}],"author":[{"embeddable":true,"href":"https:\/\/leukefeld.net\/index.php?rest_route=\/wp\/v2\/users\/2"}],"replies":[{"embeddable":true,"href":"https:\/\/leukefeld.net\/index.php?rest_route=%2Fwp%2Fv2%2Fcomments&post=1306"}],"version-history":[{"count":4,"href":"https:\/\/leukefeld.net\/index.php?rest_route=\/wp\/v2\/posts\/1306\/revisions"}],"predecessor-version":[{"id":1329,"href":"https:\/\/leukefeld.net\/index.php?rest_route=\/wp\/v2\/posts\/1306\/revisions\/1329"}],"wp:attachment":[{"href":"https:\/\/leukefeld.net\/index.php?rest_route=%2Fwp%2Fv2%2Fmedia&parent=1306"}],"wp:term":[{"taxonomy":"category","embeddable":true,"href":"https:\/\/leukefeld.net\/index.php?rest_route=%2Fwp%2Fv2%2Fcategories&post=1306"},{"taxonomy":"post_tag","embeddable":true,"href":"https:\/\/leukefeld.net\/index.php?rest_route=%2Fwp%2Fv2%2Ftags&post=1306"}],"curies":[{"name":"wp","href":"https:\/\/api.w.org\/{rel}","templated":true}]}}