{"id":1288,"date":"2021-01-03T16:47:00","date_gmt":"2021-01-03T15:47:00","guid":{"rendered":"https:\/\/leukefeld.net\/?p=1288"},"modified":"2021-01-04T16:48:45","modified_gmt":"2021-01-04T15:48:45","slug":"der-vermittler","status":"publish","type":"post","link":"https:\/\/leukefeld.net\/?p=1288","title":{"rendered":"Der Vermittler"},"content":{"rendered":"<p>Am 3. Januar 2020 wurden der iranische General Kassem Soleimani, der Milit\u00e4rchef der irakischen Volksmobilisierungseinheiten\u00a0Abu Mahdi Al-Muhandis und<br \/>\nihrer Begleiter am Flughafen von Bagdad durch eine US-Drohne ermordet. Ein Jahr danach\u00a0ist das US-Verbrechen im Mittleren Osten nicht vergessen. Bilder des prominenten Generals und Politikers Soleimani schm\u00fccken zahlreiche Stra\u00dfen und D\u00f6rfer im Libanon. Auch in Syrien ist sein Gesicht allgegenw\u00e4rtig. Politiker und Milit\u00e4rs<br \/>\nerinnerten kurz vor dem Jahrestag der Ermordung\u00a0an den General der iranischen<br \/>\n\u00bbRevolutionsgarden\u00ab. Im Westen gilt Soleimani nach wie vor als Terrorist, in<br \/>\nder Region aber wird er \u2013 jenseits der mit dem Westen und Israel verb\u00fcndeten<br \/>\nGolfstaaten \u2013 als Held und Vermittler geehrt.<\/p>\n<p>Die Schwerpunktseite erschien in der Berliner Tageszeitung Junge Welt: <a href=\"https:\/\/leukefeld.net\/wp-content\/uploads\/2021\/01\/jw-210103-Der-Vermittler.pdf\">jw-210103-Der-Vermittler<\/a><\/p>\n<p>&nbsp;<\/p>\n","protected":false},"excerpt":{"rendered":"<p>Am 3. Januar 2020 wurden der iranische General Kassem Soleimani, der Milit\u00e4rchef der irakischen Volksmobilisierungseinheiten\u00a0Abu Mahdi Al-Muhandis und ihrer Begleiter am Flughafen von Bagdad durch eine US-Drohne ermordet. Ein Jahr danach\u00a0ist das US-Verbrechen im Mittleren Osten nicht vergessen. Bilder des &hellip; <a href=\"https:\/\/leukefeld.net\/?p=1288\">Weiterlesen <span class=\"meta-nav\">&rarr;<\/span><\/a><\/p>\n","protected":false},"author":2,"featured_media":0,"comment_status":"closed","ping_status":"closed","sticky":false,"template":"","format":"standard","meta":{"footnotes":""},"categories":[6],"tags":[],"class_list":["post-1288","post","type-post","status-publish","format-standard","hentry","category-reportagen-interviews-deutsch"],"_links":{"self":[{"href":"https:\/\/leukefeld.net\/index.php?rest_route=\/wp\/v2\/posts\/1288","targetHints":{"allow":["GET"]}}],"collection":[{"href":"https:\/\/leukefeld.net\/index.php?rest_route=\/wp\/v2\/posts"}],"about":[{"href":"https:\/\/leukefeld.net\/index.php?rest_route=\/wp\/v2\/types\/post"}],"author":[{"embeddable":true,"href":"https:\/\/leukefeld.net\/index.php?rest_route=\/wp\/v2\/users\/2"}],"replies":[{"embeddable":true,"href":"https:\/\/leukefeld.net\/index.php?rest_route=%2Fwp%2Fv2%2Fcomments&post=1288"}],"version-history":[{"count":1,"href":"https:\/\/leukefeld.net\/index.php?rest_route=\/wp\/v2\/posts\/1288\/revisions"}],"predecessor-version":[{"id":1290,"href":"https:\/\/leukefeld.net\/index.php?rest_route=\/wp\/v2\/posts\/1288\/revisions\/1290"}],"wp:attachment":[{"href":"https:\/\/leukefeld.net\/index.php?rest_route=%2Fwp%2Fv2%2Fmedia&parent=1288"}],"wp:term":[{"taxonomy":"category","embeddable":true,"href":"https:\/\/leukefeld.net\/index.php?rest_route=%2Fwp%2Fv2%2Fcategories&post=1288"},{"taxonomy":"post_tag","embeddable":true,"href":"https:\/\/leukefeld.net\/index.php?rest_route=%2Fwp%2Fv2%2Ftags&post=1288"}],"curies":[{"name":"wp","href":"https:\/\/api.w.org\/{rel}","templated":true}]}}