{"id":1235,"date":"2020-10-15T00:39:57","date_gmt":"2020-10-14T23:39:57","guid":{"rendered":"https:\/\/leukefeld.net\/?p=1235"},"modified":"2020-10-28T00:48:50","modified_gmt":"2020-10-27T23:48:50","slug":"syrien-unter-druck","status":"publish","type":"post","link":"https:\/\/leukefeld.net\/?p=1235","title":{"rendered":"Syrien unter Druck"},"content":{"rendered":"<p>Wie lebt es sich in Syrien mit der Corona-Pandemie und den anhaltenden einseitigen Sanktionen durch die USA und die EU?\u00a0Das Land leidet doppelt unter den Einschr\u00e4nkungen durch die v\u00f6lkerrechtswidrigen Sanktionen und Corona. Der durch die Besetzung der \u00d6lfelder durch US-Einheiten hervorgerufene Benzinmangel erschwert den Transport von Waren und die Versorgung mit Lebensmitteln, treibt die Inflation unm\u00e4\u00dfig voran. Obwohl die milit\u00e4rischen Aktivit\u00e4ten nachgelassen haben, ist die Not der Bev\u00f6lkerung gewachsen.<\/p>\n<p>Ein Gespr\u00e4ch \u00fcber Syrien, dar\u00fcber, wie die Zerst\u00fcckelung des Landes vorangetrieben wird, \u00fcber die Verfassungsverhandlungen in Genf und die 2021 anstehenden Pr\u00e4sidentschaftswahlen. Bei Weltnetz TV:<\/p>\n<p><a href=\"https:\/\/weltnetz.tv\/video\/2410-syrien-unter-druck-corona-sanktionen-zerstueckelung\">https:\/\/weltnetz.tv\/video\/2410-syrien-unter-druck-corona-sanktionen-zerstueckelung<\/a><\/p>\n","protected":false},"excerpt":{"rendered":"<p>Wie lebt es sich in Syrien mit der Corona-Pandemie und den anhaltenden einseitigen Sanktionen durch die USA und die EU?\u00a0Das Land leidet doppelt unter den Einschr\u00e4nkungen durch die v\u00f6lkerrechtswidrigen Sanktionen und Corona. Der durch die Besetzung der \u00d6lfelder durch US-Einheiten &hellip; <a href=\"https:\/\/leukefeld.net\/?p=1235\">Weiterlesen <span class=\"meta-nav\">&rarr;<\/span><\/a><\/p>\n","protected":false},"author":2,"featured_media":0,"comment_status":"closed","ping_status":"closed","sticky":false,"template":"","format":"standard","meta":{"footnotes":""},"categories":[5,6],"tags":[],"class_list":["post-1235","post","type-post","status-publish","format-standard","hentry","category-radio-features-deutsch","category-reportagen-interviews-deutsch"],"_links":{"self":[{"href":"https:\/\/leukefeld.net\/index.php?rest_route=\/wp\/v2\/posts\/1235","targetHints":{"allow":["GET"]}}],"collection":[{"href":"https:\/\/leukefeld.net\/index.php?rest_route=\/wp\/v2\/posts"}],"about":[{"href":"https:\/\/leukefeld.net\/index.php?rest_route=\/wp\/v2\/types\/post"}],"author":[{"embeddable":true,"href":"https:\/\/leukefeld.net\/index.php?rest_route=\/wp\/v2\/users\/2"}],"replies":[{"embeddable":true,"href":"https:\/\/leukefeld.net\/index.php?rest_route=%2Fwp%2Fv2%2Fcomments&post=1235"}],"version-history":[{"count":1,"href":"https:\/\/leukefeld.net\/index.php?rest_route=\/wp\/v2\/posts\/1235\/revisions"}],"predecessor-version":[{"id":1236,"href":"https:\/\/leukefeld.net\/index.php?rest_route=\/wp\/v2\/posts\/1235\/revisions\/1236"}],"wp:attachment":[{"href":"https:\/\/leukefeld.net\/index.php?rest_route=%2Fwp%2Fv2%2Fmedia&parent=1235"}],"wp:term":[{"taxonomy":"category","embeddable":true,"href":"https:\/\/leukefeld.net\/index.php?rest_route=%2Fwp%2Fv2%2Fcategories&post=1235"},{"taxonomy":"post_tag","embeddable":true,"href":"https:\/\/leukefeld.net\/index.php?rest_route=%2Fwp%2Fv2%2Ftags&post=1235"}],"curies":[{"name":"wp","href":"https:\/\/api.w.org\/{rel}","templated":true}]}}