{"id":1231,"date":"2020-10-19T17:59:28","date_gmt":"2020-10-19T16:59:28","guid":{"rendered":"https:\/\/leukefeld.net\/?p=1231"},"modified":"2020-10-19T17:59:28","modified_gmt":"2020-10-19T16:59:28","slug":"irak-usa","status":"publish","type":"post","link":"https:\/\/leukefeld.net\/?p=1231","title":{"rendered":"Irak &#038; USA"},"content":{"rendered":"<p>Fritz Edlinger spricht mit Karin Leukefeld \u00fcber die Situation im Irak. Dort hat es in den letzten Wochen zahlreiche Anschl\u00e4ge auf Versorgungskonvois der US-Truppen und auf deren Milit\u00e4rbasen gegeben. Nun haben die USA damit gedroht, die Botschaft in Bagdad zu schlie\u00dfen, sollte der Irak nicht s\u00e4mtliche bestehende Milizen aufl\u00f6sen bzw. sie unter Kontrolle bringen und in die irakische Armee integrieren. Manche Medien spekulieren gar, die USA k\u00f6nne noch im Oktober einen Krieg gegen den Iran auf irakischem Territorium beginnen. K\u00f6nnte ein Krieg gegen den Iran US-Pr\u00e4sident Donald Trump zur Wiederwahl verhelfen?<\/p>\n<p>Das Interview auf dem You Tube-Kanal der Zeitschrift International &#8211; Zeitschrift f\u00fcr internationale Politik (Wien):\u00a0<a href=\"https:\/\/www.youtube.com\/watch?v=K-4YCHz0kQA\">https:\/\/www.youtube.com\/watch?v=K-4YCHz0kQA<\/a><\/p>\n","protected":false},"excerpt":{"rendered":"<p>Fritz Edlinger spricht mit Karin Leukefeld \u00fcber die Situation im Irak. Dort hat es in den letzten Wochen zahlreiche Anschl\u00e4ge auf Versorgungskonvois der US-Truppen und auf deren Milit\u00e4rbasen gegeben. Nun haben die USA damit gedroht, die Botschaft in Bagdad zu &hellip; <a href=\"https:\/\/leukefeld.net\/?p=1231\">Weiterlesen <span class=\"meta-nav\">&rarr;<\/span><\/a><\/p>\n","protected":false},"author":2,"featured_media":0,"comment_status":"closed","ping_status":"closed","sticky":false,"template":"","format":"standard","meta":{"footnotes":""},"categories":[5,6],"tags":[],"class_list":["post-1231","post","type-post","status-publish","format-standard","hentry","category-radio-features-deutsch","category-reportagen-interviews-deutsch"],"_links":{"self":[{"href":"https:\/\/leukefeld.net\/index.php?rest_route=\/wp\/v2\/posts\/1231","targetHints":{"allow":["GET"]}}],"collection":[{"href":"https:\/\/leukefeld.net\/index.php?rest_route=\/wp\/v2\/posts"}],"about":[{"href":"https:\/\/leukefeld.net\/index.php?rest_route=\/wp\/v2\/types\/post"}],"author":[{"embeddable":true,"href":"https:\/\/leukefeld.net\/index.php?rest_route=\/wp\/v2\/users\/2"}],"replies":[{"embeddable":true,"href":"https:\/\/leukefeld.net\/index.php?rest_route=%2Fwp%2Fv2%2Fcomments&post=1231"}],"version-history":[{"count":3,"href":"https:\/\/leukefeld.net\/index.php?rest_route=\/wp\/v2\/posts\/1231\/revisions"}],"predecessor-version":[{"id":1234,"href":"https:\/\/leukefeld.net\/index.php?rest_route=\/wp\/v2\/posts\/1231\/revisions\/1234"}],"wp:attachment":[{"href":"https:\/\/leukefeld.net\/index.php?rest_route=%2Fwp%2Fv2%2Fmedia&parent=1231"}],"wp:term":[{"taxonomy":"category","embeddable":true,"href":"https:\/\/leukefeld.net\/index.php?rest_route=%2Fwp%2Fv2%2Fcategories&post=1231"},{"taxonomy":"post_tag","embeddable":true,"href":"https:\/\/leukefeld.net\/index.php?rest_route=%2Fwp%2Fv2%2Ftags&post=1231"}],"curies":[{"name":"wp","href":"https:\/\/api.w.org\/{rel}","templated":true}]}}